{"id":34228,"date":"1998-01-01T00:00:00","date_gmt":"1998-01-01T00:00:00","guid":{"rendered":"https:\/\/www.deberes.net\/tesis\/sin-categoria\/la-razon-moral-en-zubiri-de-la-protomoral-a-la-moral-normativa\/"},"modified":"1998-01-01T00:00:00","modified_gmt":"1998-01-01T00:00:00","slug":"la-razon-moral-en-zubiri-de-la-protomoral-a-la-moral-normativa","status":"publish","type":"post","link":"https:\/\/www.deberes.net\/tesis\/filosofia\/la-razon-moral-en-zubiri-de-la-protomoral-a-la-moral-normativa\/","title":{"rendered":"La razon moral en zubiri: de la protomoral a la moral normativa."},"content":{"rendered":"<h2>Tesis doctoral de <strong>  Dominguez Prieto Jos\u00e9 Manuel <\/strong><\/h2>\n<p>Pretendemos con la presente tesis:  1. La articulaci\u00f3n sistem\u00e1tica de lo aportado por zubiri sobre el m\u00e9todo moral, tanto en lo impl\u00edcito como lo expl\u00edcito, a la luz de su pensamiento maduro.  2. Mostrar, a trav\u00e9s de una m\u00e1xima concrecci\u00f3n, c\u00f3mo ser\u00eda posible aplicar pr\u00e1cticamente el m\u00e9todo moral zubiriano.  3. Exposici\u00f3n de este m\u00e9todo en di\u00e1logo con algunas de las principales propuestas \u00e9ticas actuales, a fin de hacer m\u00e1s patente su originalidad y validez.  4. Estudio pormenorizado de cada uno de los momentos del m\u00e9todo moral. En concreto:  4.1. Concrecci\u00f3n de la idiosincrasia del sistema de referencia moral en sus momentos trascendental y talitativo. Estudio del logos moral en sus momentos de estimaci\u00f3n y valoraci\u00f3n.  4.2. Presentaci\u00f3n, justificaci\u00f3n y an\u00e1lisis del doble nivel de esbozo moral: esbozo social e hist\u00f3rico y esbozo personal o proyecto vital.  4.3. Estudio de la experiencia moral como naturalizaci\u00f3n y probaci\u00f3n de la realidad fundamental. La justificaci\u00f3n moral como c\u00falmen de la b\u00fasqueda moral.<\/p>\n<p>&nbsp;<\/p>\n<h3>Datos acad\u00e9micos de la tesis doctoral \u00ab<strong>La razon moral en zubiri: de la protomoral a la moral normativa.<\/strong>\u00ab<\/h3>\n<ul>\n<li><strong>T\u00edtulo de la tesis:<\/strong>\u00a0 La razon moral en zubiri: de la protomoral a la moral normativa. <\/li>\n<li><strong>Autor:<\/strong>\u00a0  Dominguez Prieto Jos\u00e9 Manuel <\/li>\n<li><strong>Universidad:<\/strong>\u00a0 Complutense de Madrid<\/li>\n<li><strong>Fecha de lectura de la tesis:<\/strong>\u00a0 01\/01\/1998<\/li>\n<\/ul>\n<p>&nbsp;<\/p>\n<h3>Direcci\u00f3n y tribunal<\/h3>\n<ul>\n<li><strong>Director de la tesis<\/strong>\n<ul>\n<li>Carlos D\u00edaz Hern\u00e1ndez<\/li>\n<\/ul>\n<\/li>\n<li><strong>Tribunal<\/strong>\n<ul>\n<li>Presidente del tribunal: Manuel Maceiras Fafi\u00e1n <\/li>\n<li>Antonio Ferraz Fayos (vocal)<\/li>\n<li>Antonio Pintor Ramos (vocal)<\/li>\n<li>  (vocal)<\/li>\n<\/ul>\n<\/li>\n<\/ul>\n<p>&nbsp;<\/p>\n","protected":false},"excerpt":{"rendered":"<p>Tesis doctoral de Dominguez Prieto Jos\u00e9 Manuel Pretendemos con la presente tesis: 1. La articulaci\u00f3n sistem\u00e1tica de lo aportado por [&hellip;]<\/p>\n","protected":false},"author":1,"featured_media":0,"comment_status":"open","ping_status":"open","sticky":false,"template":"","format":"standard","meta":{"site-sidebar-layout":"default","site-content-layout":"","ast-site-content-layout":"","site-content-style":"default","site-sidebar-style":"default","ast-global-header-display":"","ast-banner-title-visibility":"","ast-main-header-display":"","ast-hfb-above-header-display":"","ast-hfb-below-header-display":"","ast-hfb-mobile-header-display":"","site-post-title":"","ast-breadcrumbs-content":"","ast-featured-img":"","footer-sml-layout":"","theme-transparent-header-meta":"","adv-header-id-meta":"","stick-header-meta":"","header-above-stick-meta":"","header-main-stick-meta":"","header-below-stick-meta":"","astra-migrate-meta-layouts":"default","ast-page-background-enabled":"default","ast-page-background-meta":{"desktop":{"background-color":"var(--ast-global-color-4)","background-image":"","background-repeat":"repeat","background-position":"center center","background-size":"auto","background-attachment":"scroll","background-type":"","background-media":"","overlay-type":"","overlay-color":"","overlay-gradient":""},"tablet":{"background-color":"","background-image":"","background-repeat":"repeat","background-position":"center center","background-size":"auto","background-attachment":"scroll","background-type":"","background-media":"","overlay-type":"","overlay-color":"","overlay-gradient":""},"mobile":{"background-color":"","background-image":"","background-repeat":"repeat","background-position":"center center","background-size":"auto","background-attachment":"scroll","background-type":"","background-media":"","overlay-type":"","overlay-color":"","overlay-gradient":""}},"ast-content-background-meta":{"desktop":{"background-color":"var(--ast-global-color-5)","background-image":"","background-repeat":"repeat","background-position":"center center","background-size":"auto","background-attachment":"scroll","background-type":"","background-media":"","overlay-type":"","overlay-color":"","overlay-gradient":""},"tablet":{"background-color":"var(--ast-global-color-5)","background-image":"","background-repeat":"repeat","background-position":"center center","background-size":"auto","background-attachment":"scroll","background-type":"","background-media":"","overlay-type":"","overlay-color":"","overlay-gradient":""},"mobile":{"background-color":"var(--ast-global-color-5)","background-image":"","background-repeat":"repeat","background-position":"center center","background-size":"auto","background-attachment":"scroll","background-type":"","background-media":"","overlay-type":"","overlay-color":"","overlay-gradient":""}},"footnotes":""},"categories":[8646,8647,8649,165,8535,990],"tags":[14970,7674,5347,92562,5345],"class_list":["post-34228","post","type-post","status-publish","format-standard","hentry","category-etica","category-etica-de-individuos","category-etica-filosofica","category-filosofia","category-filosofia-actual","category-sistemas-filosoficos","tag-antonio-ferraz-fayos","tag-antonio-pintor-ramos","tag-carlos-diaz-hernandez","tag-dominguez-prieto-jose-manuel","tag-manuel-maceiras-fafian"],"_links":{"self":[{"href":"https:\/\/www.deberes.net\/tesis\/wp-json\/wp\/v2\/posts\/34228","targetHints":{"allow":["GET"]}}],"collection":[{"href":"https:\/\/www.deberes.net\/tesis\/wp-json\/wp\/v2\/posts"}],"about":[{"href":"https:\/\/www.deberes.net\/tesis\/wp-json\/wp\/v2\/types\/post"}],"author":[{"embeddable":true,"href":"https:\/\/www.deberes.net\/tesis\/wp-json\/wp\/v2\/users\/1"}],"replies":[{"embeddable":true,"href":"https:\/\/www.deberes.net\/tesis\/wp-json\/wp\/v2\/comments?post=34228"}],"version-history":[{"count":0,"href":"https:\/\/www.deberes.net\/tesis\/wp-json\/wp\/v2\/posts\/34228\/revisions"}],"wp:attachment":[{"href":"https:\/\/www.deberes.net\/tesis\/wp-json\/wp\/v2\/media?parent=34228"}],"wp:term":[{"taxonomy":"category","embeddable":true,"href":"https:\/\/www.deberes.net\/tesis\/wp-json\/wp\/v2\/categories?post=34228"},{"taxonomy":"post_tag","embeddable":true,"href":"https:\/\/www.deberes.net\/tesis\/wp-json\/wp\/v2\/tags?post=34228"}],"curies":[{"name":"wp","href":"https:\/\/api.w.org\/{rel}","templated":true}]}}