{"id":34232,"date":"1998-01-01T00:00:00","date_gmt":"1998-01-01T00:00:00","guid":{"rendered":"https:\/\/www.deberes.net\/tesis\/sin-categoria\/la-lengua-escalera-un-mecanismo-didactico-para-la-adquisicion-de-las-lenguas-extranjeras\/"},"modified":"1998-01-01T00:00:00","modified_gmt":"1998-01-01T00:00:00","slug":"la-lengua-escalera-un-mecanismo-didactico-para-la-adquisicion-de-las-lenguas-extranjeras","status":"publish","type":"post","link":"https:\/\/www.deberes.net\/tesis\/linguistica\/la-lengua-escalera-un-mecanismo-didactico-para-la-adquisicion-de-las-lenguas-extranjeras\/","title":{"rendered":"La \u00ablengua escalera\u00bb. un mecanismo didactico para la adquisicion de las lenguas extranjeras."},"content":{"rendered":"<h2>Tesis doctoral de <strong> Yousef Elbes <\/strong><\/h2>\n<p>Como implica el titulo de este trabajo, se trata de una teor\u00eda did\u00e1ctica aplicable al campo de la adquisici\u00f3n de las lenguas extranjeras. La \u00ablengua escalera\u00bb no es m\u00e1s que el aprovechamiento sistematizado y organizado de cualquier conocimiento previo que posee el sujeto antes de enfrentarse a una nueva lengua. Es, particularmente, la explotaci\u00f3n de la segunda lengua durante todas las fases del proceso de adquisici\u00f3n de la tercera. Este mecanismo pretende poner todos los elementos lingu\u00edsticos y socioculturales de l2 al servicio de un acceso pragm\u00e1tico a l3. Es decir, tratar de desarrollar la gesti\u00f3n, l\u00f3gica de los datos procedentes de l3 a base de un funcionamiento cognitivo facilitado por los diversos sistemas de l2, y de una paralizaci\u00f3n cuasi total de la lengua materna. Para este fin, se estimaba necesario una exploraci\u00f3n pr\u00e1ctica y orientada de todos los aspectos que puedan afectar, directa o indirectamente, a la puesta en marcha de nuestras hip\u00f3tesis. Por tanto, este trabajo incluye tratamientos detallados de los principales elementos de la adquisici\u00f3n: el entorno (la lengua y el sujeto) y el interior del proceso de la adquisici\u00f3n (la transferencia, la fosilizaci\u00f3n, la formaci\u00f3n de la interlengua, etc.,)<\/p>\n<p>&nbsp;<\/p>\n<h3>Datos acad\u00e9micos de la tesis doctoral \u00ab<strong>La \u00ablengua escalera\u00bb. un mecanismo didactico para la adquisicion de las lenguas extranjeras.<\/strong>\u00ab<\/h3>\n<ul>\n<li><strong>T\u00edtulo de la tesis:<\/strong>\u00a0 La \u00ablengua escalera\u00bb. un mecanismo didactico para la adquisicion de las lenguas extranjeras. <\/li>\n<li><strong>Autor:<\/strong>\u00a0 Yousef Elbes <\/li>\n<li><strong>Universidad:<\/strong>\u00a0 Complutense de Madrid<\/li>\n<li><strong>Fecha de lectura de la tesis:<\/strong>\u00a0 01\/01\/1998<\/li>\n<\/ul>\n<p>&nbsp;<\/p>\n<h3>Direcci\u00f3n y tribunal<\/h3>\n<ul>\n<li><strong>Director de la tesis<\/strong>\n<ul>\n<li>Jes\u00fas Cantera  Ortiz De Urbina<\/li>\n<\/ul>\n<\/li>\n<li><strong>Tribunal<\/strong>\n<ul>\n<li>Presidente del tribunal: Monserrat Victoria Abumalham Mas <\/li>\n<li>Arlette Veglia Andrea (vocal)<\/li>\n<li>Fernando Navarro Dominguez (vocal)<\/li>\n<li>Julia Sevilla Mu\u00f1oz (vocal)<\/li>\n<\/ul>\n<\/li>\n<\/ul>\n<p>&nbsp;<\/p>\n","protected":false},"excerpt":{"rendered":"<p>Tesis doctoral de Yousef Elbes Como implica el titulo de este trabajo, se trata de una teor\u00eda did\u00e1ctica aplicable al [&hellip;]<\/p>\n","protected":false},"author":1,"featured_media":0,"comment_status":"open","ping_status":"open","sticky":false,"template":"","format":"standard","meta":{"site-sidebar-layout":"default","site-content-layout":"","ast-site-content-layout":"","site-content-style":"default","site-sidebar-style":"default","ast-global-header-display":"","ast-banner-title-visibility":"","ast-main-header-display":"","ast-hfb-above-header-display":"","ast-hfb-below-header-display":"","ast-hfb-mobile-header-display":"","site-post-title":"","ast-breadcrumbs-content":"","ast-featured-img":"","footer-sml-layout":"","theme-transparent-header-meta":"","adv-header-id-meta":"","stick-header-meta":"","header-above-stick-meta":"","header-main-stick-meta":"","header-below-stick-meta":"","astra-migrate-meta-layouts":"default","ast-page-background-enabled":"default","ast-page-background-meta":{"desktop":{"background-color":"var(--ast-global-color-4)","background-image":"","background-repeat":"repeat","background-position":"center center","background-size":"auto","background-attachment":"scroll","background-type":"","background-media":"","overlay-type":"","overlay-color":"","overlay-gradient":""},"tablet":{"background-color":"","background-image":"","background-repeat":"repeat","background-position":"center center","background-size":"auto","background-attachment":"scroll","background-type":"","background-media":"","overlay-type":"","overlay-color":"","overlay-gradient":""},"mobile":{"background-color":"","background-image":"","background-repeat":"repeat","background-position":"center center","background-size":"auto","background-attachment":"scroll","background-type":"","background-media":"","overlay-type":"","overlay-color":"","overlay-gradient":""}},"ast-content-background-meta":{"desktop":{"background-color":"var(--ast-global-color-5)","background-image":"","background-repeat":"repeat","background-position":"center center","background-size":"auto","background-attachment":"scroll","background-type":"","background-media":"","overlay-type":"","overlay-color":"","overlay-gradient":""},"tablet":{"background-color":"var(--ast-global-color-5)","background-image":"","background-repeat":"repeat","background-position":"center center","background-size":"auto","background-attachment":"scroll","background-type":"","background-media":"","overlay-type":"","overlay-color":"","overlay-gradient":""},"mobile":{"background-color":"var(--ast-global-color-5)","background-image":"","background-repeat":"repeat","background-position":"center center","background-size":"auto","background-attachment":"scroll","background-type":"","background-media":"","overlay-type":"","overlay-color":"","overlay-gradient":""}},"footnotes":""},"categories":[1891,59,60],"tags":[92569,46686,889,68577,81337,92568],"class_list":["post-34232","post","type-post","status-publish","format-standard","hentry","category-ensenanza-de-lenguas","category-linguistica","category-linguistica-aplicada","tag-arlette-veglia-andrea","tag-fernando-navarro-dominguez","tag-jesus-cantera-ortiz-de-urbina","tag-julia-sevilla-munoz","tag-monserrat-victoria-abumalham-mas","tag-yousef-elbes"],"_links":{"self":[{"href":"https:\/\/www.deberes.net\/tesis\/wp-json\/wp\/v2\/posts\/34232","targetHints":{"allow":["GET"]}}],"collection":[{"href":"https:\/\/www.deberes.net\/tesis\/wp-json\/wp\/v2\/posts"}],"about":[{"href":"https:\/\/www.deberes.net\/tesis\/wp-json\/wp\/v2\/types\/post"}],"author":[{"embeddable":true,"href":"https:\/\/www.deberes.net\/tesis\/wp-json\/wp\/v2\/users\/1"}],"replies":[{"embeddable":true,"href":"https:\/\/www.deberes.net\/tesis\/wp-json\/wp\/v2\/comments?post=34232"}],"version-history":[{"count":0,"href":"https:\/\/www.deberes.net\/tesis\/wp-json\/wp\/v2\/posts\/34232\/revisions"}],"wp:attachment":[{"href":"https:\/\/www.deberes.net\/tesis\/wp-json\/wp\/v2\/media?parent=34232"}],"wp:term":[{"taxonomy":"category","embeddable":true,"href":"https:\/\/www.deberes.net\/tesis\/wp-json\/wp\/v2\/categories?post=34232"},{"taxonomy":"post_tag","embeddable":true,"href":"https:\/\/www.deberes.net\/tesis\/wp-json\/wp\/v2\/tags?post=34232"}],"curies":[{"name":"wp","href":"https:\/\/api.w.org\/{rel}","templated":true}]}}