{"id":34313,"date":"1998-01-01T00:00:00","date_gmt":"1998-01-01T00:00:00","guid":{"rendered":"https:\/\/www.deberes.net\/tesis\/sin-categoria\/habitos-lectores-de-prensa-escrita-y-desempleo\/"},"modified":"1998-01-01T00:00:00","modified_gmt":"1998-01-01T00:00:00","slug":"habitos-lectores-de-prensa-escrita-y-desempleo","status":"publish","type":"post","link":"https:\/\/www.deberes.net\/tesis\/sociologia\/habitos-lectores-de-prensa-escrita-y-desempleo\/","title":{"rendered":"Habitos lectores de prensa escrita y desempleo."},"content":{"rendered":"<h2>Tesis doctoral de <strong>  Garcia Jimenez Francisco Antonio <\/strong><\/h2>\n<p>En los periodos en los que el desempleo ha afectado a millones de personas -a\u00f1os posteriores a la gran depresi\u00f3n de 1929 y la gran crisis del petr\u00f3leo de 1973- se han realizado notorios esfuerzos por estudiar la influencia que tiene esta situaci\u00f3n laboral en la estructura de la personalidad de las personas que lo sufren, as\u00ed como en las relaciones sociales de su entorno m\u00e1s pr\u00f3ximo.  solamente se han podido constatar dos referencias o estudios sobre la influencia del desempleo en la lectura de prensa. Ambas investigaciones se realizaron fuera de espa\u00f1a y en los a\u00f1os posteriores a la gran depresi\u00f3n de 1929.  con el estudio realizado en esta tesis se ha logrado rellenar este hueco investigador. Partiendo de los datos estad\u00edsticos de la epa (1989-1995) se ha investigado si la situaci\u00f3n de desempleo constituye una variable influyente en los h\u00e1bitos de lectura de la poblaci\u00f3n. Los resultados obtenidos demuestran que, adem\u00e1s de las perturbaciones econ\u00f3micas, sociales, psicol\u00f3gicas e incluso pol\u00edticas, el desempleo tiene una importante incidencia en el comportamiento lector de la poblaci\u00f3n desempleada.  la poblaci\u00f3n desempleada lee menos que el resto de la poblaci\u00f3n y adem\u00e1s, en esta situaci\u00f3n se produce un cambio importante respecto a la poblaci\u00f3n activa: la mujer lee m\u00e1s que el hombre.  por otra parte, la investigaci\u00f3n se ha enriquecido con un estudio sobre el tiempo dedicado a la lectura de prensa y las preferencias informativas de los desempleados de Madrid-capital. Este estudio, soportado en una encuesta realizada en diferentes centros del inem, aporta importantes conclusiones sobre el tiempo dedicado a la lectura de prensa, seg\u00fan sexo, edad, anterior ocupaci\u00f3n, nivel de formaci\u00f3n y tiempo de permanencia en desempleo de la poblaci\u00f3n estudiada y tambi\u00e9n de sus preferencias informativas.<\/p>\n<p>&nbsp;<\/p>\n<h3>Datos acad\u00e9micos de la tesis doctoral \u00ab<strong>Habitos lectores de prensa escrita y desempleo.<\/strong>\u00ab<\/h3>\n<ul>\n<li><strong>T\u00edtulo de la tesis:<\/strong>\u00a0 Habitos lectores de prensa escrita y desempleo. <\/li>\n<li><strong>Autor:<\/strong>\u00a0  Garcia Jimenez Francisco Antonio <\/li>\n<li><strong>Universidad:<\/strong>\u00a0 Complutense de Madrid<\/li>\n<li><strong>Fecha de lectura de la tesis:<\/strong>\u00a0 01\/01\/1998<\/li>\n<\/ul>\n<p>&nbsp;<\/p>\n<h3>Direcci\u00f3n y tribunal<\/h3>\n<ul>\n<li><strong>Director de la tesis<\/strong>\n<ul>\n<li> Fernandez Del Moral Alfonso Javier<\/li>\n<\/ul>\n<\/li>\n<li><strong>Tribunal<\/strong>\n<ul>\n<li>Presidente del tribunal: Pedro Orive Riva <\/li>\n<li>Francisco Gomez Anton (vocal)<\/li>\n<li> Quintana Martin Francisco Javier (vocal)<\/li>\n<li>Jos\u00e9 Andres Gallego (vocal)<\/li>\n<\/ul>\n<\/li>\n<\/ul>\n<p>&nbsp;<\/p>\n","protected":false},"excerpt":{"rendered":"<p>Tesis doctoral de Garcia Jimenez Francisco Antonio En los periodos en los que el desempleo ha afectado a millones de [&hellip;]<\/p>\n","protected":false},"author":1,"featured_media":0,"comment_status":"open","ping_status":"open","sticky":false,"template":"","format":"standard","meta":{"site-sidebar-layout":"default","site-content-layout":"","ast-site-content-layout":"","site-content-style":"default","site-sidebar-style":"default","ast-global-header-display":"","ast-banner-title-visibility":"","ast-main-header-display":"","ast-hfb-above-header-display":"","ast-hfb-below-header-display":"","ast-hfb-mobile-header-display":"","site-post-title":"","ast-breadcrumbs-content":"","ast-featured-img":"","footer-sml-layout":"","theme-transparent-header-meta":"","adv-header-id-meta":"","stick-header-meta":"","header-above-stick-meta":"","header-main-stick-meta":"","header-below-stick-meta":"","astra-migrate-meta-layouts":"default","ast-page-background-enabled":"default","ast-page-background-meta":{"desktop":{"background-color":"var(--ast-global-color-4)","background-image":"","background-repeat":"repeat","background-position":"center center","background-size":"auto","background-attachment":"scroll","background-type":"","background-media":"","overlay-type":"","overlay-color":"","overlay-gradient":""},"tablet":{"background-color":"","background-image":"","background-repeat":"repeat","background-position":"center center","background-size":"auto","background-attachment":"scroll","background-type":"","background-media":"","overlay-type":"","overlay-color":"","overlay-gradient":""},"mobile":{"background-color":"","background-image":"","background-repeat":"repeat","background-position":"center center","background-size":"auto","background-attachment":"scroll","background-type":"","background-media":"","overlay-type":"","overlay-color":"","overlay-gradient":""}},"ast-content-background-meta":{"desktop":{"background-color":"var(--ast-global-color-5)","background-image":"","background-repeat":"repeat","background-position":"center center","background-size":"auto","background-attachment":"scroll","background-type":"","background-media":"","overlay-type":"","overlay-color":"","overlay-gradient":""},"tablet":{"background-color":"var(--ast-global-color-5)","background-image":"","background-repeat":"repeat","background-position":"center center","background-size":"auto","background-attachment":"scroll","background-type":"","background-media":"","overlay-type":"","overlay-color":"","overlay-gradient":""},"mobile":{"background-color":"var(--ast-global-color-5)","background-image":"","background-repeat":"repeat","background-position":"center center","background-size":"auto","background-attachment":"scroll","background-type":"","background-media":"","overlay-type":"","overlay-color":"","overlay-gradient":""}},"footnotes":""},"categories":[838,24023,4840,4841,1295,269],"tags":[5054,92716,92715,17839,4910,62252],"class_list":["post-34313","post","type-post","status-publish","format-standard","hentry","category-ciencia-politica","category-desempleo","category-opinion-publica","category-prensa","category-problemas-y-conflictos-sociales","category-sociologia","tag-fernandez-del-moral-alfonso-javier","tag-francisco-gomez-anton","tag-garcia-jimenez-francisco-antonio","tag-jose-andres-gallego","tag-pedro-orive-riva","tag-quintana-martin-francisco-javier"],"_links":{"self":[{"href":"https:\/\/www.deberes.net\/tesis\/wp-json\/wp\/v2\/posts\/34313","targetHints":{"allow":["GET"]}}],"collection":[{"href":"https:\/\/www.deberes.net\/tesis\/wp-json\/wp\/v2\/posts"}],"about":[{"href":"https:\/\/www.deberes.net\/tesis\/wp-json\/wp\/v2\/types\/post"}],"author":[{"embeddable":true,"href":"https:\/\/www.deberes.net\/tesis\/wp-json\/wp\/v2\/users\/1"}],"replies":[{"embeddable":true,"href":"https:\/\/www.deberes.net\/tesis\/wp-json\/wp\/v2\/comments?post=34313"}],"version-history":[{"count":0,"href":"https:\/\/www.deberes.net\/tesis\/wp-json\/wp\/v2\/posts\/34313\/revisions"}],"wp:attachment":[{"href":"https:\/\/www.deberes.net\/tesis\/wp-json\/wp\/v2\/media?parent=34313"}],"wp:term":[{"taxonomy":"category","embeddable":true,"href":"https:\/\/www.deberes.net\/tesis\/wp-json\/wp\/v2\/categories?post=34313"},{"taxonomy":"post_tag","embeddable":true,"href":"https:\/\/www.deberes.net\/tesis\/wp-json\/wp\/v2\/tags?post=34313"}],"curies":[{"name":"wp","href":"https:\/\/api.w.org\/{rel}","templated":true}]}}