{"id":34317,"date":"1998-01-01T00:00:00","date_gmt":"1998-01-01T00:00:00","guid":{"rendered":"https:\/\/www.deberes.net\/tesis\/sin-categoria\/el-campo-semantico-placer-en-espanol\/"},"modified":"1998-01-01T00:00:00","modified_gmt":"1998-01-01T00:00:00","slug":"el-campo-semantico-placer-en-espanol","status":"publish","type":"post","link":"https:\/\/www.deberes.net\/tesis\/linguistica\/el-campo-semantico-placer-en-espanol\/","title":{"rendered":"El campo semantico \u00abplacer\u00bb en espa\u00f1ol."},"content":{"rendered":"<h2>Tesis doctoral de <strong> Isabel Garcia Parejo <\/strong><\/h2>\n<p>Este trabajo tiene como objetivo el estudio y descripci\u00f3n de la estructura sem\u00e1ntica de un grupo de sustantivos que comparten una parcela de significado, el campo sem\u00e1ntico \u00abplacer\u00bb en espa\u00f1ol. El estudio toma como base metodol\u00f3gica los presupuestos te\u00f3ricos de la sem\u00e1ntica estructural y la teor\u00eda del campo l\u00e9xico propuesta por coseriu (1964). El estudio consta de tres partes. La primera concierne al an\u00e1lisis del referente placer desde la filosof\u00eda, psicolog\u00eda y sociolog\u00eda y las definiciones lexicogr\u00e1ficas de placer. Se comprueban los datos contrast\u00e1ndolos con fuentes documentales obtenidas en los ficheros de la real academia u obtenidas tras la lectura de textos de diferentes \u00e9pocas para determinar el n\u00facleo sem\u00e1ntico y la estructura del campo. En la segunda parte, analizo los lexemas que de una forma u otra podr\u00edan formar parte del n\u00facleo sem\u00e1ntico. Este segundo an\u00e1lisis da pie a determinar los semas caracter\u00edsticos de cada lexema y su evoluci\u00f3n a lo largo de la historia. En la tercera parte, procedo al an\u00e1lisis y descripci\u00f3n de una serie de idiolectos literarios: berceo, juan ruiz, Martinez de toledo, diego de san pedro, bosc\u00e1n, juan de la cruz, cervantes, lope de vega, cadalso, espronceda, valera y gald\u00f3s. Se cierra el trabajo con las conclusiones referidas a la estructura general del campo y su configuraci\u00f3n a lo largo de la historia. Se recogen tambi\u00e9n varios ap\u00e9ndices: 1. Definici\u00f3n lexicogr\u00e1fica de los lexemas estudiados; 2. Indice de palabras estudiadas en cada autor a modo de concordancias; 3. Tablas de frecuencias por autores; 4. Tablas de frecuencias por \u00e9pocas.<\/p>\n<p>&nbsp;<\/p>\n<h3>Datos acad\u00e9micos de la tesis doctoral \u00ab<strong>El campo semantico \u00abplacer\u00bb en espa\u00f1ol.<\/strong>\u00ab<\/h3>\n<ul>\n<li><strong>T\u00edtulo de la tesis:<\/strong>\u00a0 El campo semantico \u00abplacer\u00bb en espa\u00f1ol. <\/li>\n<li><strong>Autor:<\/strong>\u00a0 Isabel Garcia Parejo <\/li>\n<li><strong>Universidad:<\/strong>\u00a0 Complutense de Madrid<\/li>\n<li><strong>Fecha de lectura de la tesis:<\/strong>\u00a0 01\/01\/1998<\/li>\n<\/ul>\n<p>&nbsp;<\/p>\n<h3>Direcci\u00f3n y tribunal<\/h3>\n<ul>\n<li><strong>Director de la tesis<\/strong>\n<ul>\n<li>Gregorio Salvador Caja<\/li>\n<\/ul>\n<\/li>\n<li><strong>Tribunal<\/strong>\n<ul>\n<li>Presidente del tribunal: Manuel Alvar Ezquerra <\/li>\n<li> Pastor Milan M. Angeles (vocal)<\/li>\n<li>Juan  Ramon Lodares Marrodan (vocal)<\/li>\n<li>Aurora Salvador Rosa (vocal)<\/li>\n<\/ul>\n<\/li>\n<\/ul>\n<p>&nbsp;<\/p>\n","protected":false},"excerpt":{"rendered":"<p>Tesis doctoral de Isabel Garcia Parejo Este trabajo tiene como objetivo el estudio y descripci\u00f3n de la estructura sem\u00e1ntica de [&hellip;]<\/p>\n","protected":false},"author":1,"featured_media":0,"comment_status":"open","ping_status":"open","sticky":false,"template":"","format":"standard","meta":{"site-sidebar-layout":"default","site-content-layout":"","ast-site-content-layout":"","site-content-style":"default","site-sidebar-style":"default","ast-global-header-display":"","ast-banner-title-visibility":"","ast-main-header-display":"","ast-hfb-above-header-display":"","ast-hfb-below-header-display":"","ast-hfb-mobile-header-display":"","site-post-title":"","ast-breadcrumbs-content":"","ast-featured-img":"","footer-sml-layout":"","theme-transparent-header-meta":"","adv-header-id-meta":"","stick-header-meta":"","header-above-stick-meta":"","header-main-stick-meta":"","header-below-stick-meta":"","astra-migrate-meta-layouts":"default","ast-page-background-enabled":"default","ast-page-background-meta":{"desktop":{"background-color":"var(--ast-global-color-4)","background-image":"","background-repeat":"repeat","background-position":"center center","background-size":"auto","background-attachment":"scroll","background-type":"","background-media":"","overlay-type":"","overlay-color":"","overlay-gradient":""},"tablet":{"background-color":"","background-image":"","background-repeat":"repeat","background-position":"center center","background-size":"auto","background-attachment":"scroll","background-type":"","background-media":"","overlay-type":"","overlay-color":"","overlay-gradient":""},"mobile":{"background-color":"","background-image":"","background-repeat":"repeat","background-position":"center center","background-size":"auto","background-attachment":"scroll","background-type":"","background-media":"","overlay-type":"","overlay-color":"","overlay-gradient":""}},"ast-content-background-meta":{"desktop":{"background-color":"var(--ast-global-color-5)","background-image":"","background-repeat":"repeat","background-position":"center center","background-size":"auto","background-attachment":"scroll","background-type":"","background-media":"","overlay-type":"","overlay-color":"","overlay-gradient":""},"tablet":{"background-color":"var(--ast-global-color-5)","background-image":"","background-repeat":"repeat","background-position":"center center","background-size":"auto","background-attachment":"scroll","background-type":"","background-media":"","overlay-type":"","overlay-color":"","overlay-gradient":""},"mobile":{"background-color":"var(--ast-global-color-5)","background-image":"","background-repeat":"repeat","background-position":"center center","background-size":"auto","background-attachment":"scroll","background-type":"","background-media":"","overlay-type":"","overlay-color":"","overlay-gradient":""}},"footnotes":""},"categories":[59,62,886],"tags":[5206,5203,92721,36585,5467,71318],"class_list":["post-34317","post","type-post","status-publish","format-standard","hentry","category-linguistica","category-linguistica-sincronica","category-semantica","tag-aurora-salvador-rosa","tag-gregorio-salvador-caja","tag-isabel-garcia-parejo","tag-juan-ramon-lodares-marrodan","tag-manuel-alvar-ezquerra","tag-pastor-milan-m-angeles"],"_links":{"self":[{"href":"https:\/\/www.deberes.net\/tesis\/wp-json\/wp\/v2\/posts\/34317","targetHints":{"allow":["GET"]}}],"collection":[{"href":"https:\/\/www.deberes.net\/tesis\/wp-json\/wp\/v2\/posts"}],"about":[{"href":"https:\/\/www.deberes.net\/tesis\/wp-json\/wp\/v2\/types\/post"}],"author":[{"embeddable":true,"href":"https:\/\/www.deberes.net\/tesis\/wp-json\/wp\/v2\/users\/1"}],"replies":[{"embeddable":true,"href":"https:\/\/www.deberes.net\/tesis\/wp-json\/wp\/v2\/comments?post=34317"}],"version-history":[{"count":0,"href":"https:\/\/www.deberes.net\/tesis\/wp-json\/wp\/v2\/posts\/34317\/revisions"}],"wp:attachment":[{"href":"https:\/\/www.deberes.net\/tesis\/wp-json\/wp\/v2\/media?parent=34317"}],"wp:term":[{"taxonomy":"category","embeddable":true,"href":"https:\/\/www.deberes.net\/tesis\/wp-json\/wp\/v2\/categories?post=34317"},{"taxonomy":"post_tag","embeddable":true,"href":"https:\/\/www.deberes.net\/tesis\/wp-json\/wp\/v2\/tags?post=34317"}],"curies":[{"name":"wp","href":"https:\/\/api.w.org\/{rel}","templated":true}]}}