{"id":34321,"date":"1998-01-01T00:00:00","date_gmt":"1998-01-01T00:00:00","guid":{"rendered":"https:\/\/www.deberes.net\/tesis\/sin-categoria\/el-discurso-politico-de-las-organizaciones-aymaras-en-el-norte-de-chile\/"},"modified":"1998-01-01T00:00:00","modified_gmt":"1998-01-01T00:00:00","slug":"el-discurso-politico-de-las-organizaciones-aymaras-en-el-norte-de-chile","status":"publish","type":"post","link":"https:\/\/www.deberes.net\/tesis\/historia\/el-discurso-politico-de-las-organizaciones-aymaras-en-el-norte-de-chile\/","title":{"rendered":"El discurso politico de las organizaciones aymaras en el norte de chile."},"content":{"rendered":"<h2>Tesis doctoral de <strong> Beatriz Garcia Traba <\/strong><\/h2>\n<p>La lucha aymara en el norte de chile est\u00e1 situada en un contexto internacional que es necesario se\u00f1alar, por ese motivo, el estudio comienza con el examen de las diferentes actitudes que los gobiernos americanos han tomado respecto al \u00abproblema\u00bb ind\u00edgena, analizando con detenimiento los congresos indigenistas. Posteriormente haremos un breve recorrido por la legislaci\u00f3n internacional, de manera que la ley ind\u00edgena chilena 19.253, quede situada y explicada. Por \u00faltimo, el cap\u00edtulo sobre metodolog\u00eda sit\u00faa el controvertido tema de la identidad en un contexto tan confuso como real. En la segunda parte pasaremos a analizar con detenimiento la situaci\u00f3n del pueblo aymara de chile, desde el comienzo de su lucha en los a\u00f1os 80, hasta la consecuci\u00f3n de la ley 19.253. Analizaremos el papel de la iglesia, las ongs, el estado&#8230; Y sobre todo el discurso pol\u00edtico de los dirigentes aymaras.<\/p>\n<p>&nbsp;<\/p>\n<h3>Datos acad\u00e9micos de la tesis doctoral \u00ab<strong>El discurso politico de las organizaciones aymaras en el norte de chile.<\/strong>\u00ab<\/h3>\n<ul>\n<li><strong>T\u00edtulo de la tesis:<\/strong>\u00a0 El discurso politico de las organizaciones aymaras en el norte de chile. <\/li>\n<li><strong>Autor:<\/strong>\u00a0 Beatriz Garcia Traba <\/li>\n<li><strong>Universidad:<\/strong>\u00a0 Complutense de Madrid<\/li>\n<li><strong>Fecha de lectura de la tesis:<\/strong>\u00a0 01\/01\/1998<\/li>\n<\/ul>\n<p>&nbsp;<\/p>\n<h3>Direcci\u00f3n y tribunal<\/h3>\n<ul>\n<li><strong>Director de la tesis<\/strong>\n<ul>\n<li>Carlos Mar\u00eda Caravantes Garc\u00eda<\/li>\n<\/ul>\n<\/li>\n<li><strong>Tribunal<\/strong>\n<ul>\n<li>Presidente del tribunal: Mar\u00eda no Cuesta Domingo <\/li>\n<li>Gerardo Fernandez Juarez (vocal)<\/li>\n<li>Rafael Diaz Maderuelo (vocal)<\/li>\n<li>Luisa Abad Gonzalez (vocal)<\/li>\n<\/ul>\n<\/li>\n<\/ul>\n<p>&nbsp;<\/p>\n","protected":false},"excerpt":{"rendered":"<p>Tesis doctoral de Beatriz Garcia Traba La lucha aymara en el norte de chile est\u00e1 situada en un contexto internacional [&hellip;]<\/p>\n","protected":false},"author":1,"featured_media":0,"comment_status":"open","ping_status":"open","sticky":false,"template":"","format":"standard","meta":{"site-sidebar-layout":"default","site-content-layout":"","ast-site-content-layout":"","site-content-style":"default","site-sidebar-style":"default","ast-global-header-display":"","ast-banner-title-visibility":"","ast-main-header-display":"","ast-hfb-above-header-display":"","ast-hfb-below-header-display":"","ast-hfb-mobile-header-display":"","site-post-title":"","ast-breadcrumbs-content":"","ast-featured-img":"","footer-sml-layout":"","theme-transparent-header-meta":"","adv-header-id-meta":"","stick-header-meta":"","header-above-stick-meta":"","header-main-stick-meta":"","header-below-stick-meta":"","astra-migrate-meta-layouts":"default","ast-page-background-enabled":"default","ast-page-background-meta":{"desktop":{"background-color":"var(--ast-global-color-4)","background-image":"","background-repeat":"repeat","background-position":"center center","background-size":"auto","background-attachment":"scroll","background-type":"","background-media":"","overlay-type":"","overlay-color":"","overlay-gradient":""},"tablet":{"background-color":"","background-image":"","background-repeat":"repeat","background-position":"center center","background-size":"auto","background-attachment":"scroll","background-type":"","background-media":"","overlay-type":"","overlay-color":"","overlay-gradient":""},"mobile":{"background-color":"","background-image":"","background-repeat":"repeat","background-position":"center center","background-size":"auto","background-attachment":"scroll","background-type":"","background-media":"","overlay-type":"","overlay-color":"","overlay-gradient":""}},"ast-content-background-meta":{"desktop":{"background-color":"var(--ast-global-color-5)","background-image":"","background-repeat":"repeat","background-position":"center center","background-size":"auto","background-attachment":"scroll","background-type":"","background-media":"","overlay-type":"","overlay-color":"","overlay-gradient":""},"tablet":{"background-color":"var(--ast-global-color-5)","background-image":"","background-repeat":"repeat","background-position":"center center","background-size":"auto","background-attachment":"scroll","background-type":"","background-media":"","overlay-type":"","overlay-color":"","overlay-gradient":""},"mobile":{"background-color":"var(--ast-global-color-5)","background-image":"","background-repeat":"repeat","background-position":"center center","background-size":"auto","background-attachment":"scroll","background-type":"","background-media":"","overlay-type":"","overlay-color":"","overlay-gradient":""}},"footnotes":""},"categories":[104,3538,222],"tags":[92732,4805,65600,36093,23927,6484],"class_list":["post-34321","post","type-post","status-publish","format-standard","hentry","category-historia","category-historia-de-las-ideas-politicas","category-historias-especializadas","tag-beatriz-garcia-traba","tag-carlos-maria-caravantes-garcia","tag-gerardo-fernandez-juarez","tag-luisa-abad-gonzalez","tag-maria-no-cuesta-domingo","tag-rafael-diaz-maderuelo"],"_links":{"self":[{"href":"https:\/\/www.deberes.net\/tesis\/wp-json\/wp\/v2\/posts\/34321","targetHints":{"allow":["GET"]}}],"collection":[{"href":"https:\/\/www.deberes.net\/tesis\/wp-json\/wp\/v2\/posts"}],"about":[{"href":"https:\/\/www.deberes.net\/tesis\/wp-json\/wp\/v2\/types\/post"}],"author":[{"embeddable":true,"href":"https:\/\/www.deberes.net\/tesis\/wp-json\/wp\/v2\/users\/1"}],"replies":[{"embeddable":true,"href":"https:\/\/www.deberes.net\/tesis\/wp-json\/wp\/v2\/comments?post=34321"}],"version-history":[{"count":0,"href":"https:\/\/www.deberes.net\/tesis\/wp-json\/wp\/v2\/posts\/34321\/revisions"}],"wp:attachment":[{"href":"https:\/\/www.deberes.net\/tesis\/wp-json\/wp\/v2\/media?parent=34321"}],"wp:term":[{"taxonomy":"category","embeddable":true,"href":"https:\/\/www.deberes.net\/tesis\/wp-json\/wp\/v2\/categories?post=34321"},{"taxonomy":"post_tag","embeddable":true,"href":"https:\/\/www.deberes.net\/tesis\/wp-json\/wp\/v2\/tags?post=34321"}],"curies":[{"name":"wp","href":"https:\/\/api.w.org\/{rel}","templated":true}]}}