{"id":34334,"date":"1998-01-01T00:00:00","date_gmt":"1998-01-01T00:00:00","guid":{"rendered":"https:\/\/www.deberes.net\/tesis\/sin-categoria\/la-programacion-televisiva-en-espana\/"},"modified":"1998-01-01T00:00:00","modified_gmt":"1998-01-01T00:00:00","slug":"la-programacion-televisiva-en-espana","status":"publish","type":"post","link":"https:\/\/www.deberes.net\/tesis\/sociologia\/la-programacion-televisiva-en-espana\/","title":{"rendered":"La programacion televisiva en espa\u00f1a."},"content":{"rendered":"<h2>Tesis doctoral de <strong>  Gomez Escalonilla Moreno Gloria <\/strong><\/h2>\n<p>La investigaci\u00f3n doctoral realizada trata de paliar el vac\u00edo de conocimiento existente sobre las caracter\u00edsticas de lo programado por la televisi\u00f3n en espa\u00f1a y los cambios habidos en la oferta televisiva a lo largo de los primeros cuarenta a\u00f1os de existencia del medio en este pa\u00eds. A partir de una muestra representativa de las parrillas de programaci\u00f3n de las emisiones de este dilatado periodo; se analizan, primero, las caracter\u00edsticas temporales de la emisi\u00f3n, su composici\u00f3n y su evoluci\u00f3n. En segundo lugar se estudia la oferta televisiva a partir del an\u00e1lisis de los programas en virtud de su ubicaci\u00f3n temporal y de criterios de contenido, formato, audiencia y uso comunicativo. Los resultados confirman que la televisi\u00f3n espa\u00f1ola ha sido y es un medio orientado al entretenimiento, y que ha organizado su producci\u00f3n comunicativa siguiendo un modelo de televisi\u00f3n generalista, combinando programas distintos en ciclos diarios y horarios. En estos cuarenta a\u00f1os se han sucedido cambios que adquieren especial importancia tras la ruptura del monopolio estatal de la televisi\u00f3n, cambios que afectan a los horarios y tiempos de emisi\u00f3n, a la duraci\u00f3n de los programas, a la tem\u00e1tica que abordan y a la forma de presentar en antena estos productos televisuales.<\/p>\n<p>&nbsp;<\/p>\n<h3>Datos acad\u00e9micos de la tesis doctoral \u00ab<strong>La programacion televisiva en espa\u00f1a.<\/strong>\u00ab<\/h3>\n<ul>\n<li><strong>T\u00edtulo de la tesis:<\/strong>\u00a0 La programacion televisiva en espa\u00f1a. <\/li>\n<li><strong>Autor:<\/strong>\u00a0  Gomez Escalonilla Moreno Gloria <\/li>\n<li><strong>Universidad:<\/strong>\u00a0 Complutense de Madrid<\/li>\n<li><strong>Fecha de lectura de la tesis:<\/strong>\u00a0 01\/01\/1998<\/li>\n<\/ul>\n<p>&nbsp;<\/p>\n<h3>Direcci\u00f3n y tribunal<\/h3>\n<ul>\n<li><strong>Director de la tesis<\/strong>\n<ul>\n<li>Juan Benavides Delgado<\/li>\n<\/ul>\n<\/li>\n<li><strong>Tribunal<\/strong>\n<ul>\n<li>Presidente del tribunal: Enrique Bustamante Ramirez <\/li>\n<li>Pablo Del Rio Pereda (vocal)<\/li>\n<li>Angel Cruz Bermejo (vocal)<\/li>\n<li>Amparo Huertas  Bail\u00e9n (vocal)<\/li>\n<\/ul>\n<\/li>\n<\/ul>\n<p>&nbsp;<\/p>\n","protected":false},"excerpt":{"rendered":"<p>Tesis doctoral de Gomez Escalonilla Moreno Gloria La investigaci\u00f3n doctoral realizada trata de paliar el vac\u00edo de conocimiento existente sobre [&hellip;]<\/p>\n","protected":false},"author":1,"featured_media":0,"comment_status":"open","ping_status":"open","sticky":false,"template":"","format":"standard","meta":{"site-sidebar-layout":"default","site-content-layout":"","ast-site-content-layout":"","site-content-style":"default","site-sidebar-style":"default","ast-global-header-display":"","ast-banner-title-visibility":"","ast-main-header-display":"","ast-hfb-above-header-display":"","ast-hfb-below-header-display":"","ast-hfb-mobile-header-display":"","site-post-title":"","ast-breadcrumbs-content":"","ast-featured-img":"","footer-sml-layout":"","theme-transparent-header-meta":"","adv-header-id-meta":"","stick-header-meta":"","header-above-stick-meta":"","header-main-stick-meta":"","header-below-stick-meta":"","astra-migrate-meta-layouts":"default","ast-page-background-enabled":"default","ast-page-background-meta":{"desktop":{"background-color":"var(--ast-global-color-4)","background-image":"","background-repeat":"repeat","background-position":"center center","background-size":"auto","background-attachment":"scroll","background-type":"","background-media":"","overlay-type":"","overlay-color":"","overlay-gradient":""},"tablet":{"background-color":"","background-image":"","background-repeat":"repeat","background-position":"center center","background-size":"auto","background-attachment":"scroll","background-type":"","background-media":"","overlay-type":"","overlay-color":"","overlay-gradient":""},"mobile":{"background-color":"","background-image":"","background-repeat":"repeat","background-position":"center center","background-size":"auto","background-attachment":"scroll","background-type":"","background-media":"","overlay-type":"","overlay-color":"","overlay-gradient":""}},"ast-content-background-meta":{"desktop":{"background-color":"var(--ast-global-color-5)","background-image":"","background-repeat":"repeat","background-position":"center center","background-size":"auto","background-attachment":"scroll","background-type":"","background-media":"","overlay-type":"","overlay-color":"","overlay-gradient":""},"tablet":{"background-color":"var(--ast-global-color-5)","background-image":"","background-repeat":"repeat","background-position":"center center","background-size":"auto","background-attachment":"scroll","background-type":"","background-media":"","overlay-type":"","overlay-color":"","overlay-gradient":""},"mobile":{"background-color":"var(--ast-global-color-5)","background-image":"","background-repeat":"repeat","background-position":"center center","background-size":"auto","background-attachment":"scroll","background-type":"","background-media":"","overlay-type":"","overlay-color":"","overlay-gradient":""}},"footnotes":""},"categories":[838,4735,5051,4840,269],"tags":[41265,92756,5801,92755,5803,4924],"class_list":["post-34334","post","type-post","status-publish","format-standard","hentry","category-ciencia-politica","category-comunicaciones-sociales","category-medios-de-comunicacion-de-masas","category-opinion-publica","category-sociologia","tag-amparo-huertas-bailen","tag-angel-cruz-bermejo","tag-enrique-bustamante-ramirez","tag-gomez-escalonilla-moreno-gloria","tag-juan-benavides-delgado","tag-pablo-del-rio-pereda"],"_links":{"self":[{"href":"https:\/\/www.deberes.net\/tesis\/wp-json\/wp\/v2\/posts\/34334","targetHints":{"allow":["GET"]}}],"collection":[{"href":"https:\/\/www.deberes.net\/tesis\/wp-json\/wp\/v2\/posts"}],"about":[{"href":"https:\/\/www.deberes.net\/tesis\/wp-json\/wp\/v2\/types\/post"}],"author":[{"embeddable":true,"href":"https:\/\/www.deberes.net\/tesis\/wp-json\/wp\/v2\/users\/1"}],"replies":[{"embeddable":true,"href":"https:\/\/www.deberes.net\/tesis\/wp-json\/wp\/v2\/comments?post=34334"}],"version-history":[{"count":0,"href":"https:\/\/www.deberes.net\/tesis\/wp-json\/wp\/v2\/posts\/34334\/revisions"}],"wp:attachment":[{"href":"https:\/\/www.deberes.net\/tesis\/wp-json\/wp\/v2\/media?parent=34334"}],"wp:term":[{"taxonomy":"category","embeddable":true,"href":"https:\/\/www.deberes.net\/tesis\/wp-json\/wp\/v2\/categories?post=34334"},{"taxonomy":"post_tag","embeddable":true,"href":"https:\/\/www.deberes.net\/tesis\/wp-json\/wp\/v2\/tags?post=34334"}],"curies":[{"name":"wp","href":"https:\/\/api.w.org\/{rel}","templated":true}]}}