{"id":34350,"date":"1998-01-01T00:00:00","date_gmt":"1998-01-01T00:00:00","guid":{"rendered":"https:\/\/www.deberes.net\/tesis\/sin-categoria\/la-politica-social-franquista-el-ministerio-de-jose-antonio-giron-de-velasco-1941-1957\/"},"modified":"1998-01-01T00:00:00","modified_gmt":"1998-01-01T00:00:00","slug":"la-politica-social-franquista-el-ministerio-de-jose-antonio-giron-de-velasco-1941-1957","status":"publish","type":"post","link":"https:\/\/www.deberes.net\/tesis\/historia\/la-politica-social-franquista-el-ministerio-de-jose-antonio-giron-de-velasco-1941-1957\/","title":{"rendered":"La politica social franquista: el ministerio de jose antonio giron de velasco (1941-1957)."},"content":{"rendered":"<h2>Tesis doctoral de <strong> Pedro Gonzalez Murillo <\/strong><\/h2>\n<p>La pol\u00edtica social del franquismo, tendente a minimizar la afloraci\u00f3n del conflicto social, se fundament\u00f3 te\u00f3ricamente en la protecci\u00f3n de la familia espa\u00f1ola de tipo tradicional. El establecimiento del salario familiar fue el primer paso de una pol\u00edtica que, girando en torno al fuero del trabajo, pretendi\u00f3 desarrollar un c\u00famulo de pol\u00edticas sociales cuya caracter\u00edstica principal fue la notable distancia entre las realizaciones pr\u00e1cticas y los supuestos te\u00f3ricos que fundamentaban dichas pol\u00edticas.<\/p>\n<p>&nbsp;<\/p>\n<h3>Datos acad\u00e9micos de la tesis doctoral \u00ab<strong>La politica social franquista: el ministerio de jose antonio giron de velasco (1941-1957).<\/strong>\u00ab<\/h3>\n<ul>\n<li><strong>T\u00edtulo de la tesis:<\/strong>\u00a0 La politica social franquista: el ministerio de jose antonio giron de velasco (1941-1957). <\/li>\n<li><strong>Autor:<\/strong>\u00a0 Pedro Gonzalez Murillo <\/li>\n<li><strong>Universidad:<\/strong>\u00a0 Complutense de Madrid<\/li>\n<li><strong>Fecha de lectura de la tesis:<\/strong>\u00a0 01\/01\/1998<\/li>\n<\/ul>\n<p>&nbsp;<\/p>\n<h3>Direcci\u00f3n y tribunal<\/h3>\n<ul>\n<li><strong>Director de la tesis<\/strong>\n<ul>\n<li>Antonio Fernandez Garcia<\/li>\n<\/ul>\n<\/li>\n<li><strong>Tribunal<\/strong>\n<ul>\n<li>Presidente del tribunal: Juan  Pablo Fusi Aizpurua <\/li>\n<li>Francesc De Borja De Riquer Permanyer (vocal)<\/li>\n<li>Jos\u00e9 Sanchez Jimenez (vocal)<\/li>\n<li>Feliciano Montero Garcia (vocal)<\/li>\n<\/ul>\n<\/li>\n<\/ul>\n<p>&nbsp;<\/p>\n","protected":false},"excerpt":{"rendered":"<p>Tesis doctoral de Pedro Gonzalez Murillo La pol\u00edtica social del franquismo, tendente a minimizar la afloraci\u00f3n del conflicto social, se [&hellip;]<\/p>\n","protected":false},"author":1,"featured_media":0,"comment_status":"open","ping_status":"open","sticky":false,"template":"","format":"standard","meta":{"site-sidebar-layout":"default","site-content-layout":"","ast-site-content-layout":"","site-content-style":"default","site-sidebar-style":"default","ast-global-header-display":"","ast-banner-title-visibility":"","ast-main-header-display":"","ast-hfb-above-header-display":"","ast-hfb-below-header-display":"","ast-hfb-mobile-header-display":"","site-post-title":"","ast-breadcrumbs-content":"","ast-featured-img":"","footer-sml-layout":"","theme-transparent-header-meta":"","adv-header-id-meta":"","stick-header-meta":"","header-above-stick-meta":"","header-main-stick-meta":"","header-below-stick-meta":"","astra-migrate-meta-layouts":"default","ast-page-background-enabled":"default","ast-page-background-meta":{"desktop":{"background-color":"var(--ast-global-color-4)","background-image":"","background-repeat":"repeat","background-position":"center center","background-size":"auto","background-attachment":"scroll","background-type":"","background-media":"","overlay-type":"","overlay-color":"","overlay-gradient":""},"tablet":{"background-color":"","background-image":"","background-repeat":"repeat","background-position":"center center","background-size":"auto","background-attachment":"scroll","background-type":"","background-media":"","overlay-type":"","overlay-color":"","overlay-gradient":""},"mobile":{"background-color":"","background-image":"","background-repeat":"repeat","background-position":"center center","background-size":"auto","background-attachment":"scroll","background-type":"","background-media":"","overlay-type":"","overlay-color":"","overlay-gradient":""}},"ast-content-background-meta":{"desktop":{"background-color":"var(--ast-global-color-5)","background-image":"","background-repeat":"repeat","background-position":"center center","background-size":"auto","background-attachment":"scroll","background-type":"","background-media":"","overlay-type":"","overlay-color":"","overlay-gradient":""},"tablet":{"background-color":"var(--ast-global-color-5)","background-image":"","background-repeat":"repeat","background-position":"center center","background-size":"auto","background-attachment":"scroll","background-type":"","background-media":"","overlay-type":"","overlay-color":"","overlay-gradient":""},"mobile":{"background-color":"var(--ast-global-color-5)","background-image":"","background-repeat":"repeat","background-position":"center center","background-size":"auto","background-attachment":"scroll","background-type":"","background-media":"","overlay-type":"","overlay-color":"","overlay-gradient":""}},"footnotes":""},"categories":[838,104,353,220,3984,839],"tags":[5185,6390,1022,6391,6662,92781],"class_list":["post-34350","post","type-post","status-publish","format-standard","hentry","category-ciencia-politica","category-historia","category-historia-contemporanea-del-area-europea","category-historia-por-epocas","category-politica-social","category-politicas-sectoriales","tag-antonio-fernandez-garcia","tag-feliciano-montero-garcia","tag-francesc-de-borja-de-riquer-permanyer","tag-jose-sanchez-jimenez","tag-juan-pablo-fusi-aizpurua","tag-pedro-gonzalez-murillo"],"_links":{"self":[{"href":"https:\/\/www.deberes.net\/tesis\/wp-json\/wp\/v2\/posts\/34350","targetHints":{"allow":["GET"]}}],"collection":[{"href":"https:\/\/www.deberes.net\/tesis\/wp-json\/wp\/v2\/posts"}],"about":[{"href":"https:\/\/www.deberes.net\/tesis\/wp-json\/wp\/v2\/types\/post"}],"author":[{"embeddable":true,"href":"https:\/\/www.deberes.net\/tesis\/wp-json\/wp\/v2\/users\/1"}],"replies":[{"embeddable":true,"href":"https:\/\/www.deberes.net\/tesis\/wp-json\/wp\/v2\/comments?post=34350"}],"version-history":[{"count":0,"href":"https:\/\/www.deberes.net\/tesis\/wp-json\/wp\/v2\/posts\/34350\/revisions"}],"wp:attachment":[{"href":"https:\/\/www.deberes.net\/tesis\/wp-json\/wp\/v2\/media?parent=34350"}],"wp:term":[{"taxonomy":"category","embeddable":true,"href":"https:\/\/www.deberes.net\/tesis\/wp-json\/wp\/v2\/categories?post=34350"},{"taxonomy":"post_tag","embeddable":true,"href":"https:\/\/www.deberes.net\/tesis\/wp-json\/wp\/v2\/tags?post=34350"}],"curies":[{"name":"wp","href":"https:\/\/api.w.org\/{rel}","templated":true}]}}