{"id":34370,"date":"1998-01-01T00:00:00","date_gmt":"1998-01-01T00:00:00","guid":{"rendered":"https:\/\/www.deberes.net\/tesis\/sin-categoria\/fuera-de-formato-evolucion-continuidad-y-presencia-del-arte-conceptual-espanol-en-1983\/"},"modified":"1998-01-01T00:00:00","modified_gmt":"1998-01-01T00:00:00","slug":"fuera-de-formato-evolucion-continuidad-y-presencia-del-arte-conceptual-espanol-en-1983","status":"publish","type":"post","link":"https:\/\/www.deberes.net\/tesis\/historia\/fuera-de-formato-evolucion-continuidad-y-presencia-del-arte-conceptual-espanol-en-1983\/","title":{"rendered":"Fuera de formato. evolucion, continuidad y presencia del arte conceptual espa\u00f1ol en 1983."},"content":{"rendered":"<h2>Tesis doctoral de <strong> Monica Gutierrez Serna <\/strong><\/h2>\n<p>Fuera de formato, exposici\u00f3n organizada principalmente por teresa camps, concha jerez y nacho criado y realizada durante los meses de febrero y marzo de 1983 en el centro cultural de la villa de Madrid, nace como respuesta a un deseo de evidenciar la continuidad de las pr\u00e1cticas conceptuales en el panorama art\u00edstico espa\u00f1ol, unido a una intenci\u00f3n de ofrecer un balance que reflejara las derivaciones en sus planteamientos originales generadas durante su desarrollo en nuestro pa\u00eds. Ciertamente, en esta muestra se hace presente una intenci\u00f3n por revelar una renovada actitud de trabajo del artista conceptual que ahora, liberado de gran parte de su carga cr\u00edtica y sin otro objetivo que el de presentar la actualidad de su trabajo con obra espec\u00edfica, avanza hacia una situaci\u00f3n marcada por la normalizaci\u00f3n de estas pr\u00e1cticas y su aceptaci\u00f3n hacia y por el sistema art\u00edstico tradicional.  as\u00ed, a partir de una conexi\u00f3n directa con los protagonistas de este proyecto de reaparici\u00f3n colectiva, se ha reconstruido y construido, realizando una aut\u00e9ntica arqueolog\u00eda de la memoria, una documentaci\u00f3n in\u00e9dita y de dif\u00edcil acceso con el fin de revivir un pasado ineludible en el estudio del arte conceptual y, concretamente, del periodo m\u00e1s desatendido de su trayectoria, en el cual sus resultados pasaban desapercibidos ante una cultura que fijaba su atenci\u00f3n en el regreso de la pintura.<\/p>\n<p>&nbsp;<\/p>\n<h3>Datos acad\u00e9micos de la tesis doctoral \u00ab<strong>Fuera de formato. evolucion, continuidad y presencia del arte conceptual espa\u00f1ol en 1983.<\/strong>\u00ab<\/h3>\n<ul>\n<li><strong>T\u00edtulo de la tesis:<\/strong>\u00a0 Fuera de formato. evolucion, continuidad y presencia del arte conceptual espa\u00f1ol en 1983. <\/li>\n<li><strong>Autor:<\/strong>\u00a0 Monica Gutierrez Serna <\/li>\n<li><strong>Universidad:<\/strong>\u00a0 Complutense de Madrid<\/li>\n<li><strong>Fecha de lectura de la tesis:<\/strong>\u00a0 01\/01\/1998<\/li>\n<\/ul>\n<p>&nbsp;<\/p>\n<h3>Direcci\u00f3n y tribunal<\/h3>\n<ul>\n<li><strong>Director de la tesis<\/strong>\n<ul>\n<li>Mercedes Replinger Gonzalez<\/li>\n<\/ul>\n<\/li>\n<li><strong>Tribunal<\/strong>\n<ul>\n<li>Presidente del tribunal: Jaime Gonzalez De Aledo Codina <\/li>\n<li>Juan  Fernando De La Iglesia Gonzalez De Pereda (vocal)<\/li>\n<li>Mar\u00eda  Del Carmen Bernardez Sanchis (vocal)<\/li>\n<li>Ignacio Barcia Rodriguez (vocal)<\/li>\n<\/ul>\n<\/li>\n<\/ul>\n<p>&nbsp;<\/p>\n","protected":false},"excerpt":{"rendered":"<p>Tesis doctoral de Monica Gutierrez Serna Fuera de formato, exposici\u00f3n organizada principalmente por teresa camps, concha jerez y nacho criado [&hellip;]<\/p>\n","protected":false},"author":1,"featured_media":0,"comment_status":"open","ping_status":"open","sticky":false,"template":"","format":"standard","meta":{"site-sidebar-layout":"default","site-content-layout":"","ast-site-content-layout":"","site-content-style":"default","site-sidebar-style":"default","ast-global-header-display":"","ast-banner-title-visibility":"","ast-main-header-display":"","ast-hfb-above-header-display":"","ast-hfb-below-header-display":"","ast-hfb-mobile-header-display":"","site-post-title":"","ast-breadcrumbs-content":"","ast-featured-img":"","footer-sml-layout":"","theme-transparent-header-meta":"","adv-header-id-meta":"","stick-header-meta":"","header-above-stick-meta":"","header-main-stick-meta":"","header-below-stick-meta":"","astra-migrate-meta-layouts":"default","ast-page-background-enabled":"default","ast-page-background-meta":{"desktop":{"background-color":"var(--ast-global-color-4)","background-image":"","background-repeat":"repeat","background-position":"center center","background-size":"auto","background-attachment":"scroll","background-type":"","background-media":"","overlay-type":"","overlay-color":"","overlay-gradient":""},"tablet":{"background-color":"","background-image":"","background-repeat":"repeat","background-position":"center center","background-size":"auto","background-attachment":"scroll","background-type":"","background-media":"","overlay-type":"","overlay-color":"","overlay-gradient":""},"mobile":{"background-color":"","background-image":"","background-repeat":"repeat","background-position":"center center","background-size":"auto","background-attachment":"scroll","background-type":"","background-media":"","overlay-type":"","overlay-color":"","overlay-gradient":""}},"ast-content-background-meta":{"desktop":{"background-color":"var(--ast-global-color-5)","background-image":"","background-repeat":"repeat","background-position":"center center","background-size":"auto","background-attachment":"scroll","background-type":"","background-media":"","overlay-type":"","overlay-color":"","overlay-gradient":""},"tablet":{"background-color":"var(--ast-global-color-5)","background-image":"","background-repeat":"repeat","background-position":"center center","background-size":"auto","background-attachment":"scroll","background-type":"","background-media":"","overlay-type":"","overlay-color":"","overlay-gradient":""},"mobile":{"background-color":"var(--ast-global-color-5)","background-image":"","background-repeat":"repeat","background-position":"center center","background-size":"auto","background-attachment":"scroll","background-type":"","background-media":"","overlay-type":"","overlay-color":"","overlay-gradient":""}},"footnotes":""},"categories":[147,104,2563,222,3806,1111],"tags":[4661,4158,4367,92815,67667,92814],"class_list":["post-34370","post","type-post","status-publish","format-standard","hentry","category-ciencias-de-las-artes-y-las-letras","category-historia","category-historia-del-arte-de-los-siglos-xix-y-xx","category-historias-especializadas","category-pintura","category-teoria-analisis-y-critica-de-las-bellas-artes","tag-ignacio-barcia-rodriguez","tag-jaime-gonzalez-de-aledo-codina","tag-juan-fernando-de-la-iglesia-gonzalez-de-pereda","tag-maria-del-carmen-bernardez-sanchis","tag-mercedes-replinger-gonzalez","tag-monica-gutierrez-serna"],"_links":{"self":[{"href":"https:\/\/www.deberes.net\/tesis\/wp-json\/wp\/v2\/posts\/34370","targetHints":{"allow":["GET"]}}],"collection":[{"href":"https:\/\/www.deberes.net\/tesis\/wp-json\/wp\/v2\/posts"}],"about":[{"href":"https:\/\/www.deberes.net\/tesis\/wp-json\/wp\/v2\/types\/post"}],"author":[{"embeddable":true,"href":"https:\/\/www.deberes.net\/tesis\/wp-json\/wp\/v2\/users\/1"}],"replies":[{"embeddable":true,"href":"https:\/\/www.deberes.net\/tesis\/wp-json\/wp\/v2\/comments?post=34370"}],"version-history":[{"count":0,"href":"https:\/\/www.deberes.net\/tesis\/wp-json\/wp\/v2\/posts\/34370\/revisions"}],"wp:attachment":[{"href":"https:\/\/www.deberes.net\/tesis\/wp-json\/wp\/v2\/media?parent=34370"}],"wp:term":[{"taxonomy":"category","embeddable":true,"href":"https:\/\/www.deberes.net\/tesis\/wp-json\/wp\/v2\/categories?post=34370"},{"taxonomy":"post_tag","embeddable":true,"href":"https:\/\/www.deberes.net\/tesis\/wp-json\/wp\/v2\/tags?post=34370"}],"curies":[{"name":"wp","href":"https:\/\/api.w.org\/{rel}","templated":true}]}}