{"id":34381,"date":"1998-01-01T00:00:00","date_gmt":"1998-01-01T00:00:00","guid":{"rendered":"https:\/\/www.deberes.net\/tesis\/sin-categoria\/dialectica-de-la-menesterosidad-estudio-en-ortega-y-gasset\/"},"modified":"1998-01-01T00:00:00","modified_gmt":"1998-01-01T00:00:00","slug":"dialectica-de-la-menesterosidad-estudio-en-ortega-y-gasset","status":"publish","type":"post","link":"https:\/\/www.deberes.net\/tesis\/filosofia\/dialectica-de-la-menesterosidad-estudio-en-ortega-y-gasset\/","title":{"rendered":"Dialectica de la menesterosidad. estudio en ortega y gasset."},"content":{"rendered":"<h2>Tesis doctoral de <strong>  Hernandez Saavedra Miguel Angel <\/strong><\/h2>\n<p>Nuestra investigaci\u00f3n pretende acceder a una visi\u00f3n sistem\u00e1tica (sin que ello implique \u00abcerrada\u00bb ni nada similar) de la filosof\u00eda de ortega.  seg\u00fan esta \u00abvisi\u00f3n\u00bb, los m\u00faltiples registros tem\u00e1ticos por los que discurre la obra orteguiana no son, pese al v\u00e9rtigo que inicialmente provoca esa dispersi\u00f3n tem\u00e1tica, incomunicables entre s\u00ed. El puente entre las diversas tramas (ontol\u00f3gica, gnoseol\u00f3gica, historiol\u00f3gica, pol\u00edtica&#8230;) Del pensamiento orteguiano se ofrece tras una profundizaci\u00f3n en ciertas \u00abconvicciones b\u00e1sicas\u00bb que componen el armaz\u00f3n fundamental sobre el que se alzan tales o cuales descripciones filos\u00f3ficas, tales o cuales valoraciones. Esta tesis ha querido recoger, ya desde su t\u00edtulo, el sentido fundamental en que esas convicciones vienen a soldarse, a \u00abentramarse\u00bb efectivamente. Su anudamiento es, formal y materialmente, de \u00edndole dial\u00e9ctica. El \u00abhecho mismo de la condici\u00f3n humana\u00bb, tal como afirma ortega: eso es \u00abdial\u00e9ctica\u00bb. El t\u00e9rmino expresa el reconocimiento te\u00f3rico de una necesidad y, al mismo tiempo, un empe\u00f1o pr\u00e1xico.<\/p>\n<p>&nbsp;<\/p>\n<h3>Datos acad\u00e9micos de la tesis doctoral \u00ab<strong>Dialectica de la menesterosidad. estudio en ortega y gasset.<\/strong>\u00ab<\/h3>\n<ul>\n<li><strong>T\u00edtulo de la tesis:<\/strong>\u00a0 Dialectica de la menesterosidad. estudio en ortega y gasset. <\/li>\n<li><strong>Autor:<\/strong>\u00a0  Hernandez Saavedra Miguel Angel <\/li>\n<li><strong>Universidad:<\/strong>\u00a0 Complutense de Madrid<\/li>\n<li><strong>Fecha de lectura de la tesis:<\/strong>\u00a0 01\/01\/1998<\/li>\n<\/ul>\n<p>&nbsp;<\/p>\n<h3>Direcci\u00f3n y tribunal<\/h3>\n<ul>\n<li><strong>Director de la tesis<\/strong>\n<ul>\n<li>Juan  Manuel Navarro Cordon<\/li>\n<\/ul>\n<\/li>\n<li><strong>Tribunal<\/strong>\n<ul>\n<li>Presidente del tribunal: Ramon Rodriguez Garcia <\/li>\n<li>Teresa Lopez De La Vieja Y De La Torre (vocal)<\/li>\n<li>Manuel Maceiras Fafi\u00e1n (vocal)<\/li>\n<li>Julio Quesada Mart\u00edn (vocal)<\/li>\n<\/ul>\n<\/li>\n<\/ul>\n<p>&nbsp;<\/p>\n","protected":false},"excerpt":{"rendered":"<p>Tesis doctoral de Hernandez Saavedra Miguel Angel Nuestra investigaci\u00f3n pretende acceder a una visi\u00f3n sistem\u00e1tica (sin que ello implique \u00abcerrada\u00bb [&hellip;]<\/p>\n","protected":false},"author":1,"featured_media":0,"comment_status":"open","ping_status":"open","sticky":false,"template":"","format":"standard","meta":{"site-sidebar-layout":"default","site-content-layout":"","ast-site-content-layout":"","site-content-style":"default","site-sidebar-style":"default","ast-global-header-display":"","ast-banner-title-visibility":"","ast-main-header-display":"","ast-hfb-above-header-display":"","ast-hfb-below-header-display":"","ast-hfb-mobile-header-display":"","site-post-title":"","ast-breadcrumbs-content":"","ast-featured-img":"","footer-sml-layout":"","theme-transparent-header-meta":"","adv-header-id-meta":"","stick-header-meta":"","header-above-stick-meta":"","header-main-stick-meta":"","header-below-stick-meta":"","astra-migrate-meta-layouts":"default","ast-page-background-enabled":"default","ast-page-background-meta":{"desktop":{"background-color":"var(--ast-global-color-4)","background-image":"","background-repeat":"repeat","background-position":"center center","background-size":"auto","background-attachment":"scroll","background-type":"","background-media":"","overlay-type":"","overlay-color":"","overlay-gradient":""},"tablet":{"background-color":"","background-image":"","background-repeat":"repeat","background-position":"center center","background-size":"auto","background-attachment":"scroll","background-type":"","background-media":"","overlay-type":"","overlay-color":"","overlay-gradient":""},"mobile":{"background-color":"","background-image":"","background-repeat":"repeat","background-position":"center center","background-size":"auto","background-attachment":"scroll","background-type":"","background-media":"","overlay-type":"","overlay-color":"","overlay-gradient":""}},"ast-content-background-meta":{"desktop":{"background-color":"var(--ast-global-color-5)","background-image":"","background-repeat":"repeat","background-position":"center center","background-size":"auto","background-attachment":"scroll","background-type":"","background-media":"","overlay-type":"","overlay-color":"","overlay-gradient":""},"tablet":{"background-color":"var(--ast-global-color-5)","background-image":"","background-repeat":"repeat","background-position":"center center","background-size":"auto","background-attachment":"scroll","background-type":"","background-media":"","overlay-type":"","overlay-color":"","overlay-gradient":""},"mobile":{"background-color":"var(--ast-global-color-5)","background-image":"","background-repeat":"repeat","background-position":"center center","background-size":"auto","background-attachment":"scroll","background-type":"","background-media":"","overlay-type":"","overlay-color":"","overlay-gradient":""}},"footnotes":""},"categories":[165,5342,6428],"tags":[92832,5344,31535,5345,6319,37488],"class_list":["post-34381","post","type-post","status-publish","format-standard","hentry","category-filosofia","category-filosofia-general","category-metafisica-y-ontologia","tag-hernandez-saavedra-miguel-angel","tag-juan-manuel-navarro-cordon","tag-julio-quesada-martin","tag-manuel-maceiras-fafian","tag-ramon-rodriguez-garcia","tag-teresa-lopez-de-la-vieja-y-de-la-torre"],"_links":{"self":[{"href":"https:\/\/www.deberes.net\/tesis\/wp-json\/wp\/v2\/posts\/34381","targetHints":{"allow":["GET"]}}],"collection":[{"href":"https:\/\/www.deberes.net\/tesis\/wp-json\/wp\/v2\/posts"}],"about":[{"href":"https:\/\/www.deberes.net\/tesis\/wp-json\/wp\/v2\/types\/post"}],"author":[{"embeddable":true,"href":"https:\/\/www.deberes.net\/tesis\/wp-json\/wp\/v2\/users\/1"}],"replies":[{"embeddable":true,"href":"https:\/\/www.deberes.net\/tesis\/wp-json\/wp\/v2\/comments?post=34381"}],"version-history":[{"count":0,"href":"https:\/\/www.deberes.net\/tesis\/wp-json\/wp\/v2\/posts\/34381\/revisions"}],"wp:attachment":[{"href":"https:\/\/www.deberes.net\/tesis\/wp-json\/wp\/v2\/media?parent=34381"}],"wp:term":[{"taxonomy":"category","embeddable":true,"href":"https:\/\/www.deberes.net\/tesis\/wp-json\/wp\/v2\/categories?post=34381"},{"taxonomy":"post_tag","embeddable":true,"href":"https:\/\/www.deberes.net\/tesis\/wp-json\/wp\/v2\/tags?post=34381"}],"curies":[{"name":"wp","href":"https:\/\/api.w.org\/{rel}","templated":true}]}}