{"id":34400,"date":"1998-01-01T00:00:00","date_gmt":"1998-01-01T00:00:00","guid":{"rendered":"https:\/\/www.deberes.net\/tesis\/sin-categoria\/nevus-sebaceo-de-jadassohn\/"},"modified":"1998-01-01T00:00:00","modified_gmt":"1998-01-01T00:00:00","slug":"nevus-sebaceo-de-jadassohn","status":"publish","type":"post","link":"https:\/\/www.deberes.net\/tesis\/ciencias-medicas\/nevus-sebaceo-de-jadassohn\/","title":{"rendered":"Nevus sebaceo de jadassohn."},"content":{"rendered":"<h2>Tesis doctoral de <strong> Gerardo Jaqueti Peinado <\/strong><\/h2>\n<p>Descrito por primera vez por este autor en 1885; se trata de una lesi\u00f3n cong\u00e9nita, en forma de placa, localizada practicamente siempre en extremidad cef\u00e1lica, de color amarillento anaranjado, superficie lisa y untosa que con la edad se hace mamelonada, e incluso ulcerada. Cuando la lesi\u00f3n se localiza en cuero cabelludo, deja una placa alop\u00e9cica.  tambi\u00e9n se ha descrito una forma neurocut\u00e1nea, as\u00ed como algunos casos familiares. Histopatol\u00f3gicamente se caracteriza por ser un hamartoma que afecta a todas las estructuras de la unidad pilo-seb\u00e1ceo-apocrina, as\u00ed como a la epidermis, pudiendo distinguirse un componente epidermico, un componente seb\u00e1ceo, un componente apocrino, y un componente folicular. Pero la mayor importancia de este hamartoma es su capacidad para asociarse con neoplasias, por lo que hasta ahora se recomendaba su extirpaci\u00f3n lo antes posible.  hasta la fecha se han publicado numerosos casos de nevus seb\u00e1ceo de jadassohn, pero casi siempre por su asociaci\u00f3n con alguna neoplasia. Tan solo se encuentran en la literatura cuatro trabajos que recopilen al menos cien casos, y que estudien tanto los cambios clinico-patologicos, como la asociaci\u00f3n del hamartoma con neoplasias. Estos son: mehregan-pinkus, 150 casos (1965), wilson jones-heyl, 140 casos (1970), alessi-sala, 104 casos (1986), y steffen-ackerman, 100 casos (1996).  en nuestra serie recopilamos 155 casos de nevus seb\u00e1ceo, mediante estudio multic\u00e9ntrico, con especial atenci\u00f3n a los cambios histopatol\u00f3gicos en relaci\u00f3n con la edad de los pacientes, as\u00ed como a la asociaci\u00f3n de este con neoplasias, que en todas las ocasiones fueron de caracter benigno. Se hace un estudio comparativo con los hallazgos de las otras grandes series, as\u00ed como un estudio comparativo espec\u00edfico iconogr\u00e1fico con respecto a las publicaciones previas de neoplasias asociadas a nevus seb\u00e1ceo que aportaron iconograf\u00eda.<\/p>\n<p>&nbsp;<\/p>\n<h3>Datos acad\u00e9micos de la tesis doctoral \u00ab<strong>Nevus sebaceo de jadassohn.<\/strong>\u00ab<\/h3>\n<ul>\n<li><strong>T\u00edtulo de la tesis:<\/strong>\u00a0 Nevus sebaceo de jadassohn. <\/li>\n<li><strong>Autor:<\/strong>\u00a0 Gerardo Jaqueti Peinado <\/li>\n<li><strong>Universidad:<\/strong>\u00a0 Complutense de Madrid<\/li>\n<li><strong>Fecha de lectura de la tesis:<\/strong>\u00a0 01\/01\/1998<\/li>\n<\/ul>\n<p>&nbsp;<\/p>\n<h3>Direcci\u00f3n y tribunal<\/h3>\n<ul>\n<li><strong>Director de la tesis<\/strong>\n<ul>\n<li>Evaristo Sanchez Yus<\/li>\n<\/ul>\n<\/li>\n<li><strong>Tribunal<\/strong>\n<ul>\n<li>Presidente del tribunal: Antonio Garcia Perez <\/li>\n<li>Amaro Garcia Diez (vocal)<\/li>\n<li>Joaqu\u00edn Calap Calatayud (vocal)<\/li>\n<li>Luis Requena Caballero (vocal)<\/li>\n<\/ul>\n<\/li>\n<\/ul>\n<p>&nbsp;<\/p>\n","protected":false},"excerpt":{"rendered":"<p>Tesis doctoral de Gerardo Jaqueti Peinado Descrito por primera vez por este autor en 1885; se trata de una lesi\u00f3n [&hellip;]<\/p>\n","protected":false},"author":1,"featured_media":0,"comment_status":"open","ping_status":"open","sticky":false,"template":"","format":"standard","meta":{"site-sidebar-layout":"default","site-content-layout":"","ast-site-content-layout":"","site-content-style":"default","site-sidebar-style":"default","ast-global-header-display":"","ast-banner-title-visibility":"","ast-main-header-display":"","ast-hfb-above-header-display":"","ast-hfb-below-header-display":"","ast-hfb-mobile-header-display":"","site-post-title":"","ast-breadcrumbs-content":"","ast-featured-img":"","footer-sml-layout":"","theme-transparent-header-meta":"","adv-header-id-meta":"","stick-header-meta":"","header-above-stick-meta":"","header-main-stick-meta":"","header-below-stick-meta":"","astra-migrate-meta-layouts":"default","ast-page-background-enabled":"default","ast-page-background-meta":{"desktop":{"background-color":"var(--ast-global-color-4)","background-image":"","background-repeat":"repeat","background-position":"center center","background-size":"auto","background-attachment":"scroll","background-type":"","background-media":"","overlay-type":"","overlay-color":"","overlay-gradient":""},"tablet":{"background-color":"","background-image":"","background-repeat":"repeat","background-position":"center center","background-size":"auto","background-attachment":"scroll","background-type":"","background-media":"","overlay-type":"","overlay-color":"","overlay-gradient":""},"mobile":{"background-color":"","background-image":"","background-repeat":"repeat","background-position":"center center","background-size":"auto","background-attachment":"scroll","background-type":"","background-media":"","overlay-type":"","overlay-color":"","overlay-gradient":""}},"ast-content-background-meta":{"desktop":{"background-color":"var(--ast-global-color-5)","background-image":"","background-repeat":"repeat","background-position":"center center","background-size":"auto","background-attachment":"scroll","background-type":"","background-media":"","overlay-type":"","overlay-color":"","overlay-gradient":""},"tablet":{"background-color":"var(--ast-global-color-5)","background-image":"","background-repeat":"repeat","background-position":"center center","background-size":"auto","background-attachment":"scroll","background-type":"","background-media":"","overlay-type":"","overlay-color":"","overlay-gradient":""},"mobile":{"background-color":"var(--ast-global-color-5)","background-image":"","background-repeat":"repeat","background-position":"center center","background-size":"auto","background-attachment":"scroll","background-type":"","background-media":"","overlay-type":"","overlay-color":"","overlay-gradient":""}},"footnotes":""},"categories":[155,9,97],"tags":[38526,17496,15586,92865,1659,42315],"class_list":["post-34400","post","type-post","status-publish","format-standard","hentry","category-ciencias-clinicas","category-ciencias-medicas","category-dermatologia","tag-amaro-garcia-diez","tag-antonio-garcia-perez","tag-evaristo-sanchez-yus","tag-gerardo-jaqueti-peinado","tag-joaquin-calap-calatayud","tag-luis-requena-caballero"],"_links":{"self":[{"href":"https:\/\/www.deberes.net\/tesis\/wp-json\/wp\/v2\/posts\/34400","targetHints":{"allow":["GET"]}}],"collection":[{"href":"https:\/\/www.deberes.net\/tesis\/wp-json\/wp\/v2\/posts"}],"about":[{"href":"https:\/\/www.deberes.net\/tesis\/wp-json\/wp\/v2\/types\/post"}],"author":[{"embeddable":true,"href":"https:\/\/www.deberes.net\/tesis\/wp-json\/wp\/v2\/users\/1"}],"replies":[{"embeddable":true,"href":"https:\/\/www.deberes.net\/tesis\/wp-json\/wp\/v2\/comments?post=34400"}],"version-history":[{"count":0,"href":"https:\/\/www.deberes.net\/tesis\/wp-json\/wp\/v2\/posts\/34400\/revisions"}],"wp:attachment":[{"href":"https:\/\/www.deberes.net\/tesis\/wp-json\/wp\/v2\/media?parent=34400"}],"wp:term":[{"taxonomy":"category","embeddable":true,"href":"https:\/\/www.deberes.net\/tesis\/wp-json\/wp\/v2\/categories?post=34400"},{"taxonomy":"post_tag","embeddable":true,"href":"https:\/\/www.deberes.net\/tesis\/wp-json\/wp\/v2\/tags?post=34400"}],"curies":[{"name":"wp","href":"https:\/\/api.w.org\/{rel}","templated":true}]}}