{"id":34431,"date":"1998-01-01T00:00:00","date_gmt":"1998-01-01T00:00:00","guid":{"rendered":"https:\/\/www.deberes.net\/tesis\/sin-categoria\/practicas-de-evaluacion-en-educacion-fisica-estudio-de-casos-en-primaria-secundaria-y-formacion-del-profesorado\/"},"modified":"1998-01-01T00:00:00","modified_gmt":"1998-01-01T00:00:00","slug":"practicas-de-evaluacion-en-educacion-fisica-estudio-de-casos-en-primaria-secundaria-y-formacion-del-profesorado","status":"publish","type":"post","link":"https:\/\/www.deberes.net\/tesis\/formacion-y-empleo-de-profesores\/practicas-de-evaluacion-en-educacion-fisica-estudio-de-casos-en-primaria-secundaria-y-formacion-del-profesorado\/","title":{"rendered":"Practicas de evaluacion en educacion fisica: estudio de casos en primaria, secundaria y formacion del profesorado."},"content":{"rendered":"<h2>Tesis doctoral de <strong> Victor Manuel Lopez Pastor <\/strong><\/h2>\n<p>Esta tesis doctoral es el resultado cient\u00edfico y documental de la investigaci\u00f3n realizada sobre la tem\u00e1tica de la evaluaci\u00f3n en la ense\u00f1anza de la educaci\u00f3n f\u00edsica.  en coherencia con los planteamientos epistemol\u00f3gicos y pedag\u00f3gicos en que nos basamos, hemos elaborado un sistema de evaluaci\u00f3n en la ense\u00f1anza de la educaci\u00f3n f\u00edsica basado en la evaluacion compartida profesor-alumno. Este sistema ha sido puesto en pr\u00e1ctica, estudiado y evaluado en primaria, secundaria y formaci\u00f3n del profesorado (inicial y permanente), demostrando su viabilidad y adecuaci\u00f3n.  en los trece estudios de caso que componen el corpus experimental de esta tesis puede encontrarse un detallado desarrollo de estas experiencias, junto a un \u00faltimo cap\u00edtulo con las conclusiones y las implicaciones de esta investigaci\u00f3n en la pr\u00e1ctica educativa.<\/p>\n<p>&nbsp;<\/p>\n<h3>Datos acad\u00e9micos de la tesis doctoral \u00ab<strong>Practicas de evaluacion en educacion fisica: estudio de casos en primaria, secundaria y formacion del profesorado.<\/strong>\u00ab<\/h3>\n<ul>\n<li><strong>T\u00edtulo de la tesis:<\/strong>\u00a0 Practicas de evaluacion en educacion fisica: estudio de casos en primaria, secundaria y formacion del profesorado. <\/li>\n<li><strong>Autor:<\/strong>\u00a0 Victor Manuel Lopez Pastor <\/li>\n<li><strong>Universidad:<\/strong>\u00a0 Complutense de Madrid<\/li>\n<li><strong>Fecha de lectura de la tesis:<\/strong>\u00a0 01\/01\/1998<\/li>\n<\/ul>\n<p>&nbsp;<\/p>\n<h3>Direcci\u00f3n y tribunal<\/h3>\n<ul>\n<li><strong>Director de la tesis<\/strong>\n<ul>\n<li>Manuel Alvarez Mendez<\/li>\n<\/ul>\n<\/li>\n<li><strong>Tribunal<\/strong>\n<ul>\n<li>Presidente del tribunal: Carmen Alba Pastor <\/li>\n<li>Marcelino Juan Vaca Escribano (vocal)<\/li>\n<li>Antonio Fraile Aranda (vocal)<\/li>\n<li>Miguel Angel Santos Guerra (vocal)<\/li>\n<\/ul>\n<\/li>\n<\/ul>\n<p>&nbsp;<\/p>\n","protected":false},"excerpt":{"rendered":"<p>Tesis doctoral de Victor Manuel Lopez Pastor Esta tesis doctoral es el resultado cient\u00edfico y documental de la investigaci\u00f3n realizada [&hellip;]<\/p>\n","protected":false},"author":1,"featured_media":0,"comment_status":"open","ping_status":"open","sticky":false,"template":"","format":"standard","meta":{"site-sidebar-layout":"default","site-content-layout":"","ast-site-content-layout":"","site-content-style":"default","site-sidebar-style":"default","ast-global-header-display":"","ast-banner-title-visibility":"","ast-main-header-display":"","ast-hfb-above-header-display":"","ast-hfb-below-header-display":"","ast-hfb-mobile-header-display":"","site-post-title":"","ast-breadcrumbs-content":"","ast-featured-img":"","footer-sml-layout":"","theme-transparent-header-meta":"","adv-header-id-meta":"","stick-header-meta":"","header-above-stick-meta":"","header-main-stick-meta":"","header-below-stick-meta":"","astra-migrate-meta-layouts":"default","ast-page-background-enabled":"default","ast-page-background-meta":{"desktop":{"background-color":"var(--ast-global-color-4)","background-image":"","background-repeat":"repeat","background-position":"center center","background-size":"auto","background-attachment":"scroll","background-type":"","background-media":"","overlay-type":"","overlay-color":"","overlay-gradient":""},"tablet":{"background-color":"","background-image":"","background-repeat":"repeat","background-position":"center center","background-size":"auto","background-attachment":"scroll","background-type":"","background-media":"","overlay-type":"","overlay-color":"","overlay-gradient":""},"mobile":{"background-color":"","background-image":"","background-repeat":"repeat","background-position":"center center","background-size":"auto","background-attachment":"scroll","background-type":"","background-media":"","overlay-type":"","overlay-color":"","overlay-gradient":""}},"ast-content-background-meta":{"desktop":{"background-color":"var(--ast-global-color-5)","background-image":"","background-repeat":"repeat","background-position":"center center","background-size":"auto","background-attachment":"scroll","background-type":"","background-media":"","overlay-type":"","overlay-color":"","overlay-gradient":""},"tablet":{"background-color":"var(--ast-global-color-5)","background-image":"","background-repeat":"repeat","background-position":"center center","background-size":"auto","background-attachment":"scroll","background-type":"","background-media":"","overlay-type":"","overlay-color":"","overlay-gradient":""},"mobile":{"background-color":"var(--ast-global-color-5)","background-image":"","background-repeat":"repeat","background-position":"center center","background-size":"auto","background-attachment":"scroll","background-type":"","background-media":"","overlay-type":"","overlay-color":"","overlay-gradient":""}},"footnotes":""},"categories":[6020,1140,1141,1288,1341],"tags":[1293,37353,38980,31638,8007,92921],"class_list":["post-34431","post","type-post","status-publish","format-standard","hentry","category-evaluacion-de-alumnos","category-formacion-y-empleo-de-profesores","category-pedagogia","category-preparacion-de-profesores","category-teoria-y-metodos-educativos","tag-antonio-fraile-aranda","tag-carmen-alba-pastor","tag-manuel-alvarez-mendez","tag-marcelino-juan-vaca-escribano","tag-miguel-angel-santos-guerra","tag-victor-manuel-lopez-pastor"],"_links":{"self":[{"href":"https:\/\/www.deberes.net\/tesis\/wp-json\/wp\/v2\/posts\/34431","targetHints":{"allow":["GET"]}}],"collection":[{"href":"https:\/\/www.deberes.net\/tesis\/wp-json\/wp\/v2\/posts"}],"about":[{"href":"https:\/\/www.deberes.net\/tesis\/wp-json\/wp\/v2\/types\/post"}],"author":[{"embeddable":true,"href":"https:\/\/www.deberes.net\/tesis\/wp-json\/wp\/v2\/users\/1"}],"replies":[{"embeddable":true,"href":"https:\/\/www.deberes.net\/tesis\/wp-json\/wp\/v2\/comments?post=34431"}],"version-history":[{"count":0,"href":"https:\/\/www.deberes.net\/tesis\/wp-json\/wp\/v2\/posts\/34431\/revisions"}],"wp:attachment":[{"href":"https:\/\/www.deberes.net\/tesis\/wp-json\/wp\/v2\/media?parent=34431"}],"wp:term":[{"taxonomy":"category","embeddable":true,"href":"https:\/\/www.deberes.net\/tesis\/wp-json\/wp\/v2\/categories?post=34431"},{"taxonomy":"post_tag","embeddable":true,"href":"https:\/\/www.deberes.net\/tesis\/wp-json\/wp\/v2\/tags?post=34431"}],"curies":[{"name":"wp","href":"https:\/\/api.w.org\/{rel}","templated":true}]}}