{"id":34449,"date":"1998-01-01T00:00:00","date_gmt":"1998-01-01T00:00:00","guid":{"rendered":"https:\/\/www.deberes.net\/tesis\/sin-categoria\/los-origenes-de-la-diputacion-provincial-de-madrid-1813-1843\/"},"modified":"1998-01-01T00:00:00","modified_gmt":"1998-01-01T00:00:00","slug":"los-origenes-de-la-diputacion-provincial-de-madrid-1813-1843","status":"publish","type":"post","link":"https:\/\/www.deberes.net\/tesis\/historia\/los-origenes-de-la-diputacion-provincial-de-madrid-1813-1843\/","title":{"rendered":"Los origenes de la diputacion provincial de Madrid (1813-1843)."},"content":{"rendered":"<h2>Tesis doctoral de <strong> Loreto Maluenda Abadia <\/strong><\/h2>\n<p>Al estudiar la vida de la diputaci\u00f3n provincial de Madrid, lo primero que salta a la vista es la falta de inter\u00e9s que los historiadores han tenido sobre el tema.  de la primera \u00e9poca de su existencia apenas se conoce m\u00e1s que la fecha de su instalaci\u00f3n a pesar de la importancia que debi\u00f3 de tener en el proceso de instauraci\u00f3n del nuevo r\u00e9gimen en la vida provincial.  esta ausencia de informaci\u00f3n se debe, en la mayor\u00eda de los casos, a un exceso de inter\u00e9s en el estudio del ayuntamiento constitucional de Madrid que se puede justificar por la importancia que la villa ten\u00eda en la vida p\u00fablica del pa\u00eds y por la asequibilidad y riqueza de las fuentes.  lo mismo puede afirmarse del trienio liberal y del periodo comprendido desde 1833 hasta 1843, durante el cual se ignoran las realizaciones y actividades llevadas a cabo por la diputaci\u00f3n, de tal forma que nuestros conocimientos actuales se reducen a conocer el nombre de los presidentes o jefes pol\u00edticos que tuvo. La primera guerra carlista y los sucesos de la granja acaparan la atenci\u00f3n de los historiadores, por eso en ese aspecto nuestra labor se hace m\u00e1s interesante.  no existe en la bibliograf\u00eda ning\u00fan trabajo monogr\u00e1fico sobre la historia de la diputaci\u00f3n provincial de Madrid y las obras de tipo general incurren no s\u00f3lo en generalidades superfl\u00faas sino incluso errores al conceder un protagonismo en demas\u00eda al ayuntamiento. En una palabra, tanto en la historiograf\u00eda como en la bibliograf\u00eda existe un vacio en torno a la diputaci\u00f3n provincial de Madrid, sobre todo en sus or\u00edgenes que este trabajo pretende completar.  el resultado final es que la labor de la diputaci\u00f3n provincial de Madrid se mantuvo siempre en la defensa del constitucionalismo y de los ideales que eso conllevaba; no fue todo desarrollo ni se hizo todo lo proyectado pero dos factores hay que tener en cuenta: una guerra civil y la falta de recursos econ\u00f3micos.<\/p>\n<p>&nbsp;<\/p>\n<h3>Datos acad\u00e9micos de la tesis doctoral \u00ab<strong>Los origenes de la diputacion provincial de Madrid (1813-1843).<\/strong>\u00ab<\/h3>\n<ul>\n<li><strong>T\u00edtulo de la tesis:<\/strong>\u00a0 Los origenes de la diputacion provincial de Madrid (1813-1843). <\/li>\n<li><strong>Autor:<\/strong>\u00a0 Loreto Maluenda Abadia <\/li>\n<li><strong>Universidad:<\/strong>\u00a0 Complutense de Madrid<\/li>\n<li><strong>Fecha de lectura de la tesis:<\/strong>\u00a0 01\/01\/1998<\/li>\n<\/ul>\n<p>&nbsp;<\/p>\n<h3>Direcci\u00f3n y tribunal<\/h3>\n<ul>\n<li><strong>Director de la tesis<\/strong>\n<ul>\n<li>Antonio Fernandez Garcia<\/li>\n<\/ul>\n<\/li>\n<li><strong>Tribunal<\/strong>\n<ul>\n<li>Presidente del tribunal: Angel Bahamonde Magro <\/li>\n<li>Jos\u00e9 Manuel Cuenca Toribio (vocal)<\/li>\n<li> Gomez Ferrer Morant Guadalupe (vocal)<\/li>\n<li> Perez Garzon Juan  Sisinio (vocal)<\/li>\n<\/ul>\n<\/li>\n<\/ul>\n<p>&nbsp;<\/p>\n","protected":false},"excerpt":{"rendered":"<p>Tesis doctoral de Loreto Maluenda Abadia Al estudiar la vida de la diputaci\u00f3n provincial de Madrid, lo primero que salta [&hellip;]<\/p>\n","protected":false},"author":1,"featured_media":0,"comment_status":"open","ping_status":"open","sticky":false,"template":"","format":"standard","meta":{"site-sidebar-layout":"default","site-content-layout":"","ast-site-content-layout":"","site-content-style":"default","site-sidebar-style":"default","ast-global-header-display":"","ast-banner-title-visibility":"","ast-main-header-display":"","ast-hfb-above-header-display":"","ast-hfb-below-header-display":"","ast-hfb-mobile-header-display":"","site-post-title":"","ast-breadcrumbs-content":"","ast-featured-img":"","footer-sml-layout":"","theme-transparent-header-meta":"","adv-header-id-meta":"","stick-header-meta":"","header-above-stick-meta":"","header-main-stick-meta":"","header-below-stick-meta":"","astra-migrate-meta-layouts":"default","ast-page-background-enabled":"default","ast-page-background-meta":{"desktop":{"background-color":"var(--ast-global-color-4)","background-image":"","background-repeat":"repeat","background-position":"center center","background-size":"auto","background-attachment":"scroll","background-type":"","background-media":"","overlay-type":"","overlay-color":"","overlay-gradient":""},"tablet":{"background-color":"","background-image":"","background-repeat":"repeat","background-position":"center center","background-size":"auto","background-attachment":"scroll","background-type":"","background-media":"","overlay-type":"","overlay-color":"","overlay-gradient":""},"mobile":{"background-color":"","background-image":"","background-repeat":"repeat","background-position":"center center","background-size":"auto","background-attachment":"scroll","background-type":"","background-media":"","overlay-type":"","overlay-color":"","overlay-gradient":""}},"ast-content-background-meta":{"desktop":{"background-color":"var(--ast-global-color-5)","background-image":"","background-repeat":"repeat","background-position":"center center","background-size":"auto","background-attachment":"scroll","background-type":"","background-media":"","overlay-type":"","overlay-color":"","overlay-gradient":""},"tablet":{"background-color":"var(--ast-global-color-5)","background-image":"","background-repeat":"repeat","background-position":"center center","background-size":"auto","background-attachment":"scroll","background-type":"","background-media":"","overlay-type":"","overlay-color":"","overlay-gradient":""},"mobile":{"background-color":"var(--ast-global-color-5)","background-image":"","background-repeat":"repeat","background-position":"center center","background-size":"auto","background-attachment":"scroll","background-type":"","background-media":"","overlay-type":"","overlay-color":"","overlay-gradient":""}},"footnotes":""},"categories":[104,353,758,220,222],"tags":[5977,5185,86619,2226,92954,18506],"class_list":["post-34449","post","type-post","status-publish","format-standard","hentry","category-historia","category-historia-contemporanea-del-area-europea","category-historia-del-derecho-y-de-las-instituciones-juridicas","category-historia-por-epocas","category-historias-especializadas","tag-angel-bahamonde-magro","tag-antonio-fernandez-garcia","tag-gomez-ferrer-morant-guadalupe","tag-jose-manuel-cuenca-toribio","tag-loreto-maluenda-abadia","tag-perez-garzon-juan-sisinio"],"_links":{"self":[{"href":"https:\/\/www.deberes.net\/tesis\/wp-json\/wp\/v2\/posts\/34449","targetHints":{"allow":["GET"]}}],"collection":[{"href":"https:\/\/www.deberes.net\/tesis\/wp-json\/wp\/v2\/posts"}],"about":[{"href":"https:\/\/www.deberes.net\/tesis\/wp-json\/wp\/v2\/types\/post"}],"author":[{"embeddable":true,"href":"https:\/\/www.deberes.net\/tesis\/wp-json\/wp\/v2\/users\/1"}],"replies":[{"embeddable":true,"href":"https:\/\/www.deberes.net\/tesis\/wp-json\/wp\/v2\/comments?post=34449"}],"version-history":[{"count":0,"href":"https:\/\/www.deberes.net\/tesis\/wp-json\/wp\/v2\/posts\/34449\/revisions"}],"wp:attachment":[{"href":"https:\/\/www.deberes.net\/tesis\/wp-json\/wp\/v2\/media?parent=34449"}],"wp:term":[{"taxonomy":"category","embeddable":true,"href":"https:\/\/www.deberes.net\/tesis\/wp-json\/wp\/v2\/categories?post=34449"},{"taxonomy":"post_tag","embeddable":true,"href":"https:\/\/www.deberes.net\/tesis\/wp-json\/wp\/v2\/tags?post=34449"}],"curies":[{"name":"wp","href":"https:\/\/api.w.org\/{rel}","templated":true}]}}