{"id":34478,"date":"1998-01-01T00:00:00","date_gmt":"1998-01-01T00:00:00","guid":{"rendered":"https:\/\/www.deberes.net\/tesis\/sin-categoria\/la-gran-via-o-la-etnografia-de-un-paseo\/"},"modified":"1998-01-01T00:00:00","modified_gmt":"1998-01-01T00:00:00","slug":"la-gran-via-o-la-etnografia-de-un-paseo","status":"publish","type":"post","link":"https:\/\/www.deberes.net\/tesis\/antropologia\/la-gran-via-o-la-etnografia-de-un-paseo\/","title":{"rendered":"La gran via o la etnografia de un paseo."},"content":{"rendered":"<h2>Tesis doctoral de <strong> Ana Martinez Perez <\/strong><\/h2>\n<p>La ocupaci\u00f3n y el uso que hacemos las personas de un espacio, determina la imagen que llegamos a tener de \u00e9l, y el hecho de que tengamos una percepci\u00f3n positiva o negativa de un lugar hace que lo ocupemos de una u otra forma. Las implicaciones te\u00f3ricas, metodol\u00f3gicas y personales comprenden el cap\u00edtulo primero. En segundo lugar hay un ep\u00edgrafe dedicado a la descripci\u00f3n del lugar de la etnograf\u00eda en dos ejes est\u00e1 dividida la aportaci\u00f3n propiamente etnogr\u00e1fica de esta tesis: cap\u00edtulos tercero y cuarto (entrados en la interacci\u00f3n de los grupos en la gran via, y la imagen construida de esta calle, respectivamente.<\/p>\n<p>&nbsp;<\/p>\n<h3>Datos acad\u00e9micos de la tesis doctoral \u00ab<strong>La gran via o la etnografia de un paseo.<\/strong>\u00ab<\/h3>\n<ul>\n<li><strong>T\u00edtulo de la tesis:<\/strong>\u00a0 La gran via o la etnografia de un paseo. <\/li>\n<li><strong>Autor:<\/strong>\u00a0 Ana Martinez Perez <\/li>\n<li><strong>Universidad:<\/strong>\u00a0 Complutense de Madrid<\/li>\n<li><strong>Fecha de lectura de la tesis:<\/strong>\u00a0 01\/01\/1998<\/li>\n<\/ul>\n<p>&nbsp;<\/p>\n<h3>Direcci\u00f3n y tribunal<\/h3>\n<ul>\n<li><strong>Director de la tesis<\/strong>\n<ul>\n<li> Garcia Garcia Jos\u00e9 Luis<\/li>\n<\/ul>\n<\/li>\n<li><strong>Tribunal<\/strong>\n<ul>\n<li>Presidente del tribunal: Manuel Guti\u00e9rrez Est\u00e9vez <\/li>\n<li>Miguel Angel Baldellou Santolaria (vocal)<\/li>\n<li>Joan Prat Caros (vocal)<\/li>\n<li>Carlos Mar\u00eda Caravantes Garc\u00eda (vocal)<\/li>\n<\/ul>\n<\/li>\n<\/ul>\n<p>&nbsp;<\/p>\n","protected":false},"excerpt":{"rendered":"<p>Tesis doctoral de Ana Martinez Perez La ocupaci\u00f3n y el uso que hacemos las personas de un espacio, determina la [&hellip;]<\/p>\n","protected":false},"author":1,"featured_media":0,"comment_status":"open","ping_status":"open","sticky":false,"template":"","format":"standard","meta":{"site-sidebar-layout":"default","site-content-layout":"","ast-site-content-layout":"","site-content-style":"default","site-sidebar-style":"default","ast-global-header-display":"","ast-banner-title-visibility":"","ast-main-header-display":"","ast-hfb-above-header-display":"","ast-hfb-below-header-display":"","ast-hfb-mobile-header-display":"","site-post-title":"","ast-breadcrumbs-content":"","ast-featured-img":"","footer-sml-layout":"","theme-transparent-header-meta":"","adv-header-id-meta":"","stick-header-meta":"","header-above-stick-meta":"","header-main-stick-meta":"","header-below-stick-meta":"","astra-migrate-meta-layouts":"default","ast-page-background-enabled":"default","ast-page-background-meta":{"desktop":{"background-color":"var(--ast-global-color-4)","background-image":"","background-repeat":"repeat","background-position":"center center","background-size":"auto","background-attachment":"scroll","background-type":"","background-media":"","overlay-type":"","overlay-color":"","overlay-gradient":""},"tablet":{"background-color":"","background-image":"","background-repeat":"repeat","background-position":"center center","background-size":"auto","background-attachment":"scroll","background-type":"","background-media":"","overlay-type":"","overlay-color":"","overlay-gradient":""},"mobile":{"background-color":"","background-image":"","background-repeat":"repeat","background-position":"center center","background-size":"auto","background-attachment":"scroll","background-type":"","background-media":"","overlay-type":"","overlay-color":"","overlay-gradient":""}},"ast-content-background-meta":{"desktop":{"background-color":"var(--ast-global-color-5)","background-image":"","background-repeat":"repeat","background-position":"center center","background-size":"auto","background-attachment":"scroll","background-type":"","background-media":"","overlay-type":"","overlay-color":"","overlay-gradient":""},"tablet":{"background-color":"var(--ast-global-color-5)","background-image":"","background-repeat":"repeat","background-position":"center center","background-size":"auto","background-attachment":"scroll","background-type":"","background-media":"","overlay-type":"","overlay-color":"","overlay-gradient":""},"mobile":{"background-color":"var(--ast-global-color-5)","background-image":"","background-repeat":"repeat","background-position":"center center","background-size":"auto","background-attachment":"scroll","background-type":"","background-media":"","overlay-type":"","overlay-color":"","overlay-gradient":""}},"footnotes":""},"categories":[681,726,68141],"tags":[93000,4805,2495,6029,5151,16076],"class_list":["post-34478","post","type-post","status-publish","format-standard","hentry","category-antropologia","category-etnografia-y-etnologia","category-habitat","tag-ana-Martinez-perez","tag-carlos-maria-caravantes-garcia","tag-garcia-garcia-jose-luis","tag-joan-prat-caros","tag-manuel-gutierrez-estevez","tag-miguel-angel-baldellou-santolaria"],"_links":{"self":[{"href":"https:\/\/www.deberes.net\/tesis\/wp-json\/wp\/v2\/posts\/34478","targetHints":{"allow":["GET"]}}],"collection":[{"href":"https:\/\/www.deberes.net\/tesis\/wp-json\/wp\/v2\/posts"}],"about":[{"href":"https:\/\/www.deberes.net\/tesis\/wp-json\/wp\/v2\/types\/post"}],"author":[{"embeddable":true,"href":"https:\/\/www.deberes.net\/tesis\/wp-json\/wp\/v2\/users\/1"}],"replies":[{"embeddable":true,"href":"https:\/\/www.deberes.net\/tesis\/wp-json\/wp\/v2\/comments?post=34478"}],"version-history":[{"count":0,"href":"https:\/\/www.deberes.net\/tesis\/wp-json\/wp\/v2\/posts\/34478\/revisions"}],"wp:attachment":[{"href":"https:\/\/www.deberes.net\/tesis\/wp-json\/wp\/v2\/media?parent=34478"}],"wp:term":[{"taxonomy":"category","embeddable":true,"href":"https:\/\/www.deberes.net\/tesis\/wp-json\/wp\/v2\/categories?post=34478"},{"taxonomy":"post_tag","embeddable":true,"href":"https:\/\/www.deberes.net\/tesis\/wp-json\/wp\/v2\/tags?post=34478"}],"curies":[{"name":"wp","href":"https:\/\/api.w.org\/{rel}","templated":true}]}}