{"id":34501,"date":"1998-01-01T00:00:00","date_gmt":"1998-01-01T00:00:00","guid":{"rendered":"https:\/\/www.deberes.net\/tesis\/sin-categoria\/estudio-contrastivo-de-los-fonemas-segmentales-del-espanol-y-arabe\/"},"modified":"1998-01-01T00:00:00","modified_gmt":"1998-01-01T00:00:00","slug":"estudio-contrastivo-de-los-fonemas-segmentales-del-espanol-y-arabe","status":"publish","type":"post","link":"https:\/\/www.deberes.net\/tesis\/linguistica\/estudio-contrastivo-de-los-fonemas-segmentales-del-espanol-y-arabe\/","title":{"rendered":"Estudio contrastivo de los fonemas segmentales del espa\u00f1ol y arabe."},"content":{"rendered":"<h2>Tesis doctoral de <strong> Saad Mohamed Saad <\/strong><\/h2>\n<p>El objetivo de nuestro trabajo es realizar una comparaci\u00f3n fon\u00e9tico-fonol\u00f3gica entre los fonemas segmentales del espa\u00f1ol y \u00e1rabe, con el fin de averiguar los problemas con los que pueden enfrentarse los hablantes de esta \u00faltima lengua en su proceso de aprendizaje del espa\u00f1ol.  los resultados que hemos obtenido a lo largo de nuestro trabajo nos permiten clasificar estos problemas en dos categor\u00edas:  1) problemas que pueden provocar una mala interpretaci\u00f3n del mensaje. Se trata de los problemas m\u00e1s graves, cuya soluci\u00f3n deber\u00eda tener prioridad en el proceso de la ense\u00f1anza de la lengua meta. Aqu\u00ed s\u00f3lo se clasifican los problemas relacionados con las oposiciones entre las vocales altas y medias, as\u00ed como entre las oclusivas sorda y sonora.  2) problemas que, aunque no provocan una mala interpretaci\u00f3n del mensaje, derivan en una realizaci\u00f3n fon\u00e9tica insatisfactoria. Dentro de esta categor\u00eda se clasifica el resto de las dificultades a las que se prev\u00e9 vayan a enfrentarse los hablantes del \u00e1rabe.  la separaci\u00f3n entre las dos categor\u00edas se\u00f1aladas no es, ni mucho menos, tajante, ya que, como nos lo ha demostrado la investigaci\u00f3n llevada a cabo, un mismo fonema puede provocar dificultades de uno y otro tipo.<\/p>\n<p>&nbsp;<\/p>\n<h3>Datos acad\u00e9micos de la tesis doctoral \u00ab<strong>Estudio contrastivo de los fonemas segmentales del espa\u00f1ol y arabe.<\/strong>\u00ab<\/h3>\n<ul>\n<li><strong>T\u00edtulo de la tesis:<\/strong>\u00a0 Estudio contrastivo de los fonemas segmentales del espa\u00f1ol y arabe. <\/li>\n<li><strong>Autor:<\/strong>\u00a0 Saad Mohamed Saad <\/li>\n<li><strong>Universidad:<\/strong>\u00a0 Complutense de Madrid<\/li>\n<li><strong>Fecha de lectura de la tesis:<\/strong>\u00a0 01\/01\/1998<\/li>\n<\/ul>\n<p>&nbsp;<\/p>\n<h3>Direcci\u00f3n y tribunal<\/h3>\n<ul>\n<li><strong>Director de la tesis<\/strong>\n<ul>\n<li>Jos\u00e9 Alvaro Porto Dapena<\/li>\n<\/ul>\n<\/li>\n<li><strong>Tribunal<\/strong>\n<ul>\n<li>Presidente del tribunal: Jos\u00e9 Luis Giron Alconchel <\/li>\n<li>Nieves Paradela Alonso (vocal)<\/li>\n<li>Pedro Martinez Montavez (vocal)<\/li>\n<li>Ram\u00f3n Sarmiento Gonz\u00e1lez (vocal)<\/li>\n<\/ul>\n<\/li>\n<\/ul>\n<p>&nbsp;<\/p>\n","protected":false},"excerpt":{"rendered":"<p>Tesis doctoral de Saad Mohamed Saad El objetivo de nuestro trabajo es realizar una comparaci\u00f3n fon\u00e9tico-fonol\u00f3gica entre los fonemas segmentales [&hellip;]<\/p>\n","protected":false},"author":1,"featured_media":0,"comment_status":"open","ping_status":"open","sticky":false,"template":"","format":"standard","meta":{"site-sidebar-layout":"default","site-content-layout":"","ast-site-content-layout":"","site-content-style":"default","site-sidebar-style":"default","ast-global-header-display":"","ast-banner-title-visibility":"","ast-main-header-display":"","ast-hfb-above-header-display":"","ast-hfb-below-header-display":"","ast-hfb-mobile-header-display":"","site-post-title":"","ast-breadcrumbs-content":"","ast-featured-img":"","footer-sml-layout":"","theme-transparent-header-meta":"","adv-header-id-meta":"","stick-header-meta":"","header-above-stick-meta":"","header-main-stick-meta":"","header-below-stick-meta":"","astra-migrate-meta-layouts":"default","ast-page-background-enabled":"default","ast-page-background-meta":{"desktop":{"background-color":"var(--ast-global-color-4)","background-image":"","background-repeat":"repeat","background-position":"center center","background-size":"auto","background-attachment":"scroll","background-type":"","background-media":"","overlay-type":"","overlay-color":"","overlay-gradient":""},"tablet":{"background-color":"","background-image":"","background-repeat":"repeat","background-position":"center center","background-size":"auto","background-attachment":"scroll","background-type":"","background-media":"","overlay-type":"","overlay-color":"","overlay-gradient":""},"mobile":{"background-color":"","background-image":"","background-repeat":"repeat","background-position":"center center","background-size":"auto","background-attachment":"scroll","background-type":"","background-media":"","overlay-type":"","overlay-color":"","overlay-gradient":""}},"ast-content-background-meta":{"desktop":{"background-color":"var(--ast-global-color-5)","background-image":"","background-repeat":"repeat","background-position":"center center","background-size":"auto","background-attachment":"scroll","background-type":"","background-media":"","overlay-type":"","overlay-color":"","overlay-gradient":""},"tablet":{"background-color":"var(--ast-global-color-5)","background-image":"","background-repeat":"repeat","background-position":"center center","background-size":"auto","background-attachment":"scroll","background-type":"","background-media":"","overlay-type":"","overlay-color":"","overlay-gradient":""},"mobile":{"background-color":"var(--ast-global-color-5)","background-image":"","background-repeat":"repeat","background-position":"center center","background-size":"auto","background-attachment":"scroll","background-type":"","background-media":"","overlay-type":"","overlay-color":"","overlay-gradient":""}},"footnotes":""},"categories":[424,59,4139,62],"tags":[5205,6582,71960,3890,6417,93044],"class_list":["post-34501","post","type-post","status-publish","format-standard","hentry","category-fonologia","category-linguistica","category-linguistica-comparada","category-linguistica-sincronica","tag-jose-alvaro-porto-dapena","tag-jose-luis-giron-alconchel","tag-nieves-paradela-alonso","tag-pedro-Martinez-montavez","tag-ramon-sarmiento-gonzalez","tag-saad-mohamed-saad"],"_links":{"self":[{"href":"https:\/\/www.deberes.net\/tesis\/wp-json\/wp\/v2\/posts\/34501","targetHints":{"allow":["GET"]}}],"collection":[{"href":"https:\/\/www.deberes.net\/tesis\/wp-json\/wp\/v2\/posts"}],"about":[{"href":"https:\/\/www.deberes.net\/tesis\/wp-json\/wp\/v2\/types\/post"}],"author":[{"embeddable":true,"href":"https:\/\/www.deberes.net\/tesis\/wp-json\/wp\/v2\/users\/1"}],"replies":[{"embeddable":true,"href":"https:\/\/www.deberes.net\/tesis\/wp-json\/wp\/v2\/comments?post=34501"}],"version-history":[{"count":0,"href":"https:\/\/www.deberes.net\/tesis\/wp-json\/wp\/v2\/posts\/34501\/revisions"}],"wp:attachment":[{"href":"https:\/\/www.deberes.net\/tesis\/wp-json\/wp\/v2\/media?parent=34501"}],"wp:term":[{"taxonomy":"category","embeddable":true,"href":"https:\/\/www.deberes.net\/tesis\/wp-json\/wp\/v2\/categories?post=34501"},{"taxonomy":"post_tag","embeddable":true,"href":"https:\/\/www.deberes.net\/tesis\/wp-json\/wp\/v2\/tags?post=34501"}],"curies":[{"name":"wp","href":"https:\/\/api.w.org\/{rel}","templated":true}]}}