{"id":34506,"date":"1998-01-01T00:00:00","date_gmt":"1998-01-01T00:00:00","guid":{"rendered":"https:\/\/www.deberes.net\/tesis\/sin-categoria\/epistemologia-y-ciencia-social-el-caso-del-programa-fuerte-de-la-sociologia-del-conocimiento-cientifico\/"},"modified":"1998-01-01T00:00:00","modified_gmt":"1998-01-01T00:00:00","slug":"epistemologia-y-ciencia-social-el-caso-del-programa-fuerte-de-la-sociologia-del-conocimiento-cientifico","status":"publish","type":"post","link":"https:\/\/www.deberes.net\/tesis\/filosofia\/epistemologia-y-ciencia-social-el-caso-del-programa-fuerte-de-la-sociologia-del-conocimiento-cientifico\/","title":{"rendered":"Epistemolog\u00eda y ciencia social: el caso del \u00abprograma fuerte\u00bb de la sociolog\u00eda del conocimiento cientifico."},"content":{"rendered":"<h2>Tesis doctoral de <strong>  Molina Montoro Angel Manuel <\/strong><\/h2>\n<p>Se trata de un estudio cr\u00edtico de las tesis te\u00f3ricas y secundariamente de los estudios emp\u00edricos que constituyen la tambi\u00e9n llamada \u00abescuela de edimburgo\u00bb de la sociolog\u00eda de la ciencia. Frente a la dedicaci\u00f3n preferente a la ciencia como instituci\u00f3n social, el p.F.  reclama el estudio sociol\u00f3gico del contenido de las teor\u00edas cient\u00edficas. Ello le lleva a terciar en el debate sobre problemas epistemol\u00f3gicos gen\u00e9ricos. Sus postulados de \u00abcausalidad\u00bb, \u00absimetr\u00eda\u00bb, \u00abimparcialidad\u00bb y \u00abreflexividad\u00bb acarrean tesis epistemol\u00f3gicas naturalistas, convencionalistas y relativistas, conjugadas con una sem\u00e1ntica \u00abfinitista\u00bb y articuladas con la afirmaci\u00f3n de que los intereses son las causas de las creencias, que se formula en el \u00e1mbito de un \u00abrealismo residual\u00bb.  el primercap\u00edtulo de la tesis esboza una visi\u00f3n de conjunto del p.F.  -en la que se incluye la caracterizaci\u00f3n de su trasfondo intelectual.  en el segundo cap\u00edtulo se realiza un estudio m\u00e1s pormenorizado y anal\u00edtico. El tercer cap\u00edtulo da cuenta de la controversia producida en torno al p.F. Y en el cuarto y \u00faltimo se discute y se adopta posici\u00f3n propia sobre los principales problemas filos\u00f3ficos involucrados.<\/p>\n<p>&nbsp;<\/p>\n<h3>Datos acad\u00e9micos de la tesis doctoral \u00ab<strong>Epistemolog\u00eda y ciencia social: el caso del \u00abprograma fuerte\u00bb de la sociolog\u00eda del conocimiento cientifico.<\/strong>\u00ab<\/h3>\n<ul>\n<li><strong>T\u00edtulo de la tesis:<\/strong>\u00a0 Epistemolog\u00eda y ciencia social: el caso del \u00abprograma fuerte\u00bb de la sociolog\u00eda del conocimiento cientifico. <\/li>\n<li><strong>Autor:<\/strong>\u00a0  Molina Montoro Angel Manuel <\/li>\n<li><strong>Universidad:<\/strong>\u00a0 Complutense de Madrid<\/li>\n<li><strong>Fecha de lectura de la tesis:<\/strong>\u00a0 01\/01\/1998<\/li>\n<\/ul>\n<p>&nbsp;<\/p>\n<h3>Direcci\u00f3n y tribunal<\/h3>\n<ul>\n<li><strong>Director de la tesis<\/strong>\n<ul>\n<li>Jacobo Mu\u00f1oz Veiga<\/li>\n<\/ul>\n<\/li>\n<li><strong>Tribunal<\/strong>\n<ul>\n<li>Presidente del tribunal: Pedro Chacon Fuertes <\/li>\n<li>Julio Iglesias De Ussel (vocal)<\/li>\n<li>Miguel Beltran Villalba (vocal)<\/li>\n<li>Laureano Perez Latorre (vocal)<\/li>\n<\/ul>\n<\/li>\n<\/ul>\n<p>&nbsp;<\/p>\n","protected":false},"excerpt":{"rendered":"<p>Tesis doctoral de Molina Montoro Angel Manuel Se trata de un estudio cr\u00edtico de las tesis te\u00f3ricas y secundariamente de [&hellip;]<\/p>\n","protected":false},"author":1,"featured_media":0,"comment_status":"open","ping_status":"open","sticky":false,"template":"","format":"standard","meta":{"site-sidebar-layout":"default","site-content-layout":"","ast-site-content-layout":"","site-content-style":"default","site-sidebar-style":"default","ast-global-header-display":"","ast-banner-title-visibility":"","ast-main-header-display":"","ast-hfb-above-header-display":"","ast-hfb-below-header-display":"","ast-hfb-mobile-header-display":"","site-post-title":"","ast-breadcrumbs-content":"","ast-featured-img":"","footer-sml-layout":"","theme-transparent-header-meta":"","adv-header-id-meta":"","stick-header-meta":"","header-above-stick-meta":"","header-main-stick-meta":"","header-below-stick-meta":"","astra-migrate-meta-layouts":"default","ast-page-background-enabled":"default","ast-page-background-meta":{"desktop":{"background-color":"var(--ast-global-color-4)","background-image":"","background-repeat":"repeat","background-position":"center center","background-size":"auto","background-attachment":"scroll","background-type":"","background-media":"","overlay-type":"","overlay-color":"","overlay-gradient":""},"tablet":{"background-color":"","background-image":"","background-repeat":"repeat","background-position":"center center","background-size":"auto","background-attachment":"scroll","background-type":"","background-media":"","overlay-type":"","overlay-color":"","overlay-gradient":""},"mobile":{"background-color":"","background-image":"","background-repeat":"repeat","background-position":"center center","background-size":"auto","background-attachment":"scroll","background-type":"","background-media":"","overlay-type":"","overlay-color":"","overlay-gradient":""}},"ast-content-background-meta":{"desktop":{"background-color":"var(--ast-global-color-5)","background-image":"","background-repeat":"repeat","background-position":"center center","background-size":"auto","background-attachment":"scroll","background-type":"","background-media":"","overlay-type":"","overlay-color":"","overlay-gradient":""},"tablet":{"background-color":"var(--ast-global-color-5)","background-image":"","background-repeat":"repeat","background-position":"center center","background-size":"auto","background-attachment":"scroll","background-type":"","background-media":"","overlay-type":"","overlay-color":"","overlay-gradient":""},"mobile":{"background-color":"var(--ast-global-color-5)","background-image":"","background-repeat":"repeat","background-position":"center center","background-size":"auto","background-attachment":"scroll","background-type":"","background-media":"","overlay-type":"","overlay-color":"","overlay-gradient":""}},"footnotes":""},"categories":[165,1076,5250],"tags":[5252,3578,93053,5658,93052,23978],"class_list":["post-34506","post","type-post","status-publish","format-standard","hentry","category-filosofia","category-filosofia-de-la-ciencia","category-filosofia-de-las-ciencias-sociales","tag-jacobo-munoz-veiga","tag-julio-iglesias-de-ussel","tag-laureano-perez-latorre","tag-miguel-beltran-villalba","tag-molina-montoro-angel-manuel","tag-pedro-chacon-fuertes"],"_links":{"self":[{"href":"https:\/\/www.deberes.net\/tesis\/wp-json\/wp\/v2\/posts\/34506","targetHints":{"allow":["GET"]}}],"collection":[{"href":"https:\/\/www.deberes.net\/tesis\/wp-json\/wp\/v2\/posts"}],"about":[{"href":"https:\/\/www.deberes.net\/tesis\/wp-json\/wp\/v2\/types\/post"}],"author":[{"embeddable":true,"href":"https:\/\/www.deberes.net\/tesis\/wp-json\/wp\/v2\/users\/1"}],"replies":[{"embeddable":true,"href":"https:\/\/www.deberes.net\/tesis\/wp-json\/wp\/v2\/comments?post=34506"}],"version-history":[{"count":0,"href":"https:\/\/www.deberes.net\/tesis\/wp-json\/wp\/v2\/posts\/34506\/revisions"}],"wp:attachment":[{"href":"https:\/\/www.deberes.net\/tesis\/wp-json\/wp\/v2\/media?parent=34506"}],"wp:term":[{"taxonomy":"category","embeddable":true,"href":"https:\/\/www.deberes.net\/tesis\/wp-json\/wp\/v2\/categories?post=34506"},{"taxonomy":"post_tag","embeddable":true,"href":"https:\/\/www.deberes.net\/tesis\/wp-json\/wp\/v2\/tags?post=34506"}],"curies":[{"name":"wp","href":"https:\/\/api.w.org\/{rel}","templated":true}]}}