{"id":34519,"date":"1998-01-01T00:00:00","date_gmt":"1998-01-01T00:00:00","guid":{"rendered":"https:\/\/www.deberes.net\/tesis\/sin-categoria\/juan-luis-vives-en-la-espana-moderna-fama-y-fortuna-de-su-figura-intelectual\/"},"modified":"1998-01-01T00:00:00","modified_gmt":"1998-01-01T00:00:00","slug":"juan-luis-vives-en-la-espana-moderna-fama-y-fortuna-de-su-figura-intelectual","status":"publish","type":"post","link":"https:\/\/www.deberes.net\/tesis\/historia\/juan-luis-vives-en-la-espana-moderna-fama-y-fortuna-de-su-figura-intelectual\/","title":{"rendered":"Juan luis vives en la espa\u00f1a moderna: fama y fortuna de su figura intelectual."},"content":{"rendered":"<h2>Tesis doctoral de <strong> Valentin Moreno Gallego <\/strong><\/h2>\n<p>Con la consecuci\u00f3n de este proyecto de tesis se ha pretendido dar a la figura de luis vives una nueva ubicaci\u00f3n historiogr\u00e1fica: la de su imagen y su recepci\u00f3n en la espa\u00f1a moderna. En la baraja de estudios vivistas esta perspectiva no hab\u00eda sido abordada con la longitud temporal que presenta la tesis, dividida en tres tramos o partes m\u00e1s una parte preliminar de contenido expl\u00edcitamente europeo que sirve como panorama de contraste para la realidad que se estudia, la hispana. El humanismo renacentista es uno de los movimientos de m\u00e1s dimensi\u00f3n en la historia de las ideas europeas y luis vives uno de sus protagonistas m\u00e1s destacados, por lo que en su d\u00eda pareci\u00f3 oportuno el intentar interpretar su impacto desde la visi\u00f3n hisp\u00e1nica, no s\u00f3lo con materiales impresos sino de archivo, pues la metodolog\u00eda investigadora basada en fuentes manuscritas estaba casi in\u00e9dita en el caso del Valenciano cosmopolita.<\/p>\n<p>&nbsp;<\/p>\n<h3>Datos acad\u00e9micos de la tesis doctoral \u00ab<strong>Juan luis vives en la espa\u00f1a moderna: fama y fortuna de su figura intelectual.<\/strong>\u00ab<\/h3>\n<ul>\n<li><strong>T\u00edtulo de la tesis:<\/strong>\u00a0 Juan luis vives en la espa\u00f1a moderna: fama y fortuna de su figura intelectual. <\/li>\n<li><strong>Autor:<\/strong>\u00a0 Valentin Moreno Gallego <\/li>\n<li><strong>Universidad:<\/strong>\u00a0 Complutense de Madrid<\/li>\n<li><strong>Fecha de lectura de la tesis:<\/strong>\u00a0 01\/01\/1998<\/li>\n<\/ul>\n<p>&nbsp;<\/p>\n<h3>Direcci\u00f3n y tribunal<\/h3>\n<ul>\n<li><strong>Director de la tesis<\/strong>\n<ul>\n<li>Fernando Jes\u00fas Bouza Alvarez<\/li>\n<\/ul>\n<\/li>\n<li><strong>Tribunal<\/strong>\n<ul>\n<li>Presidente del tribunal: Mar\u00eda  Victoria Lopez-cordon Cortezo <\/li>\n<li>Pedro Manuel C\u00e1tedra Garc\u00eda (vocal)<\/li>\n<li>Ricardo Garcia Garcel (vocal)<\/li>\n<li>Jos\u00e9 Mart\u00ednez Mill\u00e1n (vocal)<\/li>\n<\/ul>\n<\/li>\n<\/ul>\n<p>&nbsp;<\/p>\n","protected":false},"excerpt":{"rendered":"<p>Tesis doctoral de Valentin Moreno Gallego Con la consecuci\u00f3n de este proyecto de tesis se ha pretendido dar a la [&hellip;]<\/p>\n","protected":false},"author":1,"featured_media":0,"comment_status":"open","ping_status":"open","sticky":false,"template":"","format":"standard","meta":{"site-sidebar-layout":"default","site-content-layout":"","ast-site-content-layout":"","site-content-style":"default","site-sidebar-style":"default","ast-global-header-display":"","ast-banner-title-visibility":"","ast-main-header-display":"","ast-hfb-above-header-display":"","ast-hfb-below-header-display":"","ast-hfb-mobile-header-display":"","site-post-title":"","ast-breadcrumbs-content":"","ast-featured-img":"","footer-sml-layout":"","theme-transparent-header-meta":"","adv-header-id-meta":"","stick-header-meta":"","header-above-stick-meta":"","header-main-stick-meta":"","header-below-stick-meta":"","astra-migrate-meta-layouts":"default","ast-page-background-enabled":"default","ast-page-background-meta":{"desktop":{"background-color":"var(--ast-global-color-4)","background-image":"","background-repeat":"repeat","background-position":"center center","background-size":"auto","background-attachment":"scroll","background-type":"","background-media":"","overlay-type":"","overlay-color":"","overlay-gradient":""},"tablet":{"background-color":"","background-image":"","background-repeat":"repeat","background-position":"center center","background-size":"auto","background-attachment":"scroll","background-type":"","background-media":"","overlay-type":"","overlay-color":"","overlay-gradient":""},"mobile":{"background-color":"","background-image":"","background-repeat":"repeat","background-position":"center center","background-size":"auto","background-attachment":"scroll","background-type":"","background-media":"","overlay-type":"","overlay-color":"","overlay-gradient":""}},"ast-content-background-meta":{"desktop":{"background-color":"var(--ast-global-color-5)","background-image":"","background-repeat":"repeat","background-position":"center center","background-size":"auto","background-attachment":"scroll","background-type":"","background-media":"","overlay-type":"","overlay-color":"","overlay-gradient":""},"tablet":{"background-color":"var(--ast-global-color-5)","background-image":"","background-repeat":"repeat","background-position":"center center","background-size":"auto","background-attachment":"scroll","background-type":"","background-media":"","overlay-type":"","overlay-color":"","overlay-gradient":""},"mobile":{"background-color":"var(--ast-global-color-5)","background-image":"","background-repeat":"repeat","background-position":"center center","background-size":"auto","background-attachment":"scroll","background-type":"","background-media":"","overlay-type":"","overlay-color":"","overlay-gradient":""}},"footnotes":""},"categories":[954,104,1015,220],"tags":[36571,14896,5360,11880,93073,93072],"class_list":["post-34519","post","type-post","status-publish","format-standard","hentry","category-biografias","category-historia","category-historia-moderna-del-area-europea","category-historia-por-epocas","tag-fernando-jesus-bouza-alvarez","tag-jose-Martinez-millan","tag-maria-victoria-lopez-cordon-cortezo","tag-pedro-manuel-catedra-garcia","tag-ricardo-garcia-garcel","tag-valentin-moreno-gallego"],"_links":{"self":[{"href":"https:\/\/www.deberes.net\/tesis\/wp-json\/wp\/v2\/posts\/34519","targetHints":{"allow":["GET"]}}],"collection":[{"href":"https:\/\/www.deberes.net\/tesis\/wp-json\/wp\/v2\/posts"}],"about":[{"href":"https:\/\/www.deberes.net\/tesis\/wp-json\/wp\/v2\/types\/post"}],"author":[{"embeddable":true,"href":"https:\/\/www.deberes.net\/tesis\/wp-json\/wp\/v2\/users\/1"}],"replies":[{"embeddable":true,"href":"https:\/\/www.deberes.net\/tesis\/wp-json\/wp\/v2\/comments?post=34519"}],"version-history":[{"count":0,"href":"https:\/\/www.deberes.net\/tesis\/wp-json\/wp\/v2\/posts\/34519\/revisions"}],"wp:attachment":[{"href":"https:\/\/www.deberes.net\/tesis\/wp-json\/wp\/v2\/media?parent=34519"}],"wp:term":[{"taxonomy":"category","embeddable":true,"href":"https:\/\/www.deberes.net\/tesis\/wp-json\/wp\/v2\/categories?post=34519"},{"taxonomy":"post_tag","embeddable":true,"href":"https:\/\/www.deberes.net\/tesis\/wp-json\/wp\/v2\/tags?post=34519"}],"curies":[{"name":"wp","href":"https:\/\/api.w.org\/{rel}","templated":true}]}}