{"id":34529,"date":"1998-01-01T00:00:00","date_gmt":"1998-01-01T00:00:00","guid":{"rendered":"https:\/\/www.deberes.net\/tesis\/sin-categoria\/evaluacion-de-los-deficits-cognitivos-asociados-al-traumatismo-craneoencefalico\/"},"modified":"1998-01-01T00:00:00","modified_gmt":"1998-01-01T00:00:00","slug":"evaluacion-de-los-deficits-cognitivos-asociados-al-traumatismo-craneoencefalico","status":"publish","type":"post","link":"https:\/\/www.deberes.net\/tesis\/ciencias-medicas\/evaluacion-de-los-deficits-cognitivos-asociados-al-traumatismo-craneoencefalico\/","title":{"rendered":"Evaluacion de los deficits cognitivos asociados al traumatismo craneoencefalico."},"content":{"rendered":"<h2>Tesis doctoral de <strong>  Mu\u00f1oz Cespedes Juan  Manuel <\/strong><\/h2>\n<p>En la primera parte se revisan de modo general las caracter\u00edsticas epidemiol\u00f3gicas y fisiopatol\u00f3gicas de los traumatismos craneoencef\u00e1licos (t.C.E.), Los fundamentos conceptuales y metodol\u00f3gicas de la neuropsicolog\u00eda cl\u00ednica, los principales d\u00e9ficit cognitivos y alteraciones emocionales postraum\u00e1ticos y los instrumentos de evaluaci\u00f3n m\u00e1s empleados.  se presentan las investigaciones realizadas para valorar la utilidad de procedimientos de evaluaci\u00f3n neuropsicol\u00f3gica novedosos en nuestro pa\u00eds (bater\u00eda de evaluaci\u00f3n neuropsicol\u00f3gica luria-nebraska y escala de registro neuroconductual revisada), as\u00ed como la relaci\u00f3n existente entre las alteraciones encontradas y los criterios empleados para estimar la gravedad de los t.C.E.  entre los resultados obtenidos cabe destacar:  a) a pesar de la variabilidad de deficit cognitivos encontrados es posible plantear un modelo general de afectaci\u00f3n neuropsicol\u00f3gica en los t.C.E. Graves, constituido por d\u00e9ficit de atenci\u00f3n, lentitud en el procesamiento de la informaci\u00f3n y funci\u00f3n motora, trastornos de memoria anter\u00f3grada y dificultades en el funcionamiento ejecutivo.  b) la relaci\u00f3n entre la severidad de las alteraciones cognitivas y emocionales no es lineal. Por contra, cuanto mayor es la gravedad del t.C.E. Menores son las posibilidades de desarrollar trastornos de ansiedad y depresi\u00f3n, lo que est\u00e1 determinado en gran medida por la menor conciencia de las limitaciones existentes.<\/p>\n<p>&nbsp;<\/p>\n<h3>Datos acad\u00e9micos de la tesis doctoral \u00ab<strong>Evaluacion de los deficits cognitivos asociados al traumatismo craneoencefalico.<\/strong>\u00ab<\/h3>\n<ul>\n<li><strong>T\u00edtulo de la tesis:<\/strong>\u00a0 Evaluacion de los deficits cognitivos asociados al traumatismo craneoencefalico. <\/li>\n<li><strong>Autor:<\/strong>\u00a0  Mu\u00f1oz Cespedes Juan  Manuel <\/li>\n<li><strong>Universidad:<\/strong>\u00a0 Complutense de Madrid<\/li>\n<li><strong>Fecha de lectura de la tesis:<\/strong>\u00a0 01\/01\/1998<\/li>\n<\/ul>\n<p>&nbsp;<\/p>\n<h3>Direcci\u00f3n y tribunal<\/h3>\n<ul>\n<li><strong>Director de la tesis<\/strong>\n<ul>\n<li>Juan  Jos\u00e9 Miguel Tobal<\/li>\n<\/ul>\n<\/li>\n<li><strong>Tribunal<\/strong>\n<ul>\n<li>Presidente del tribunal: Javier Gonz\u00e1lez Marqu\u00e9s <\/li>\n<li>Angel Ruano Hernandez (vocal)<\/li>\n<li>Jes\u00fas Vaquero Crespo (vocal)<\/li>\n<li>Antonio Cano Vindel (vocal)<\/li>\n<\/ul>\n<\/li>\n<\/ul>\n<p>&nbsp;<\/p>\n","protected":false},"excerpt":{"rendered":"<p>Tesis doctoral de Mu\u00f1oz Cespedes Juan Manuel En la primera parte se revisan de modo general las caracter\u00edsticas epidemiol\u00f3gicas y [&hellip;]<\/p>\n","protected":false},"author":1,"featured_media":0,"comment_status":"open","ping_status":"open","sticky":false,"template":"","format":"standard","meta":{"site-sidebar-layout":"default","site-content-layout":"","ast-site-content-layout":"","site-content-style":"default","site-sidebar-style":"default","ast-global-header-display":"","ast-banner-title-visibility":"","ast-main-header-display":"","ast-hfb-above-header-display":"","ast-hfb-below-header-display":"","ast-hfb-mobile-header-display":"","site-post-title":"","ast-breadcrumbs-content":"","ast-featured-img":"","footer-sml-layout":"","theme-transparent-header-meta":"","adv-header-id-meta":"","stick-header-meta":"","header-above-stick-meta":"","header-main-stick-meta":"","header-below-stick-meta":"","astra-migrate-meta-layouts":"default","ast-page-background-enabled":"default","ast-page-background-meta":{"desktop":{"background-color":"var(--ast-global-color-4)","background-image":"","background-repeat":"repeat","background-position":"center center","background-size":"auto","background-attachment":"scroll","background-type":"","background-media":"","overlay-type":"","overlay-color":"","overlay-gradient":""},"tablet":{"background-color":"","background-image":"","background-repeat":"repeat","background-position":"center center","background-size":"auto","background-attachment":"scroll","background-type":"","background-media":"","overlay-type":"","overlay-color":"","overlay-gradient":""},"mobile":{"background-color":"","background-image":"","background-repeat":"repeat","background-position":"center center","background-size":"auto","background-attachment":"scroll","background-type":"","background-media":"","overlay-type":"","overlay-color":"","overlay-gradient":""}},"ast-content-background-meta":{"desktop":{"background-color":"var(--ast-global-color-5)","background-image":"","background-repeat":"repeat","background-position":"center center","background-size":"auto","background-attachment":"scroll","background-type":"","background-media":"","overlay-type":"","overlay-color":"","overlay-gradient":""},"tablet":{"background-color":"var(--ast-global-color-5)","background-image":"","background-repeat":"repeat","background-position":"center center","background-size":"auto","background-attachment":"scroll","background-type":"","background-media":"","overlay-type":"","overlay-color":"","overlay-gradient":""},"mobile":{"background-color":"var(--ast-global-color-5)","background-image":"","background-repeat":"repeat","background-position":"center center","background-size":"auto","background-attachment":"scroll","background-type":"","background-media":"","overlay-type":"","overlay-color":"","overlay-gradient":""}},"footnotes":""},"categories":[155,9,1175,384,324,4128],"tags":[93092,5268,6416,4964,5265,78093],"class_list":["post-34529","post","type-post","status-publish","format-standard","hentry","category-ciencias-clinicas","category-ciencias-medicas","category-evaluacion-y-diagnostico-en-psicologia","category-patologia-clinica","category-psicologia","category-validacion-del-test","tag-angel-ruano-hernandez","tag-antonio-cano-vindel","tag-javier-gonzalez-marques","tag-jesus-vaquero-crespo","tag-juan-jose-miguel-tobal","tag-munoz-cespedes-juan-manuel"],"_links":{"self":[{"href":"https:\/\/www.deberes.net\/tesis\/wp-json\/wp\/v2\/posts\/34529","targetHints":{"allow":["GET"]}}],"collection":[{"href":"https:\/\/www.deberes.net\/tesis\/wp-json\/wp\/v2\/posts"}],"about":[{"href":"https:\/\/www.deberes.net\/tesis\/wp-json\/wp\/v2\/types\/post"}],"author":[{"embeddable":true,"href":"https:\/\/www.deberes.net\/tesis\/wp-json\/wp\/v2\/users\/1"}],"replies":[{"embeddable":true,"href":"https:\/\/www.deberes.net\/tesis\/wp-json\/wp\/v2\/comments?post=34529"}],"version-history":[{"count":0,"href":"https:\/\/www.deberes.net\/tesis\/wp-json\/wp\/v2\/posts\/34529\/revisions"}],"wp:attachment":[{"href":"https:\/\/www.deberes.net\/tesis\/wp-json\/wp\/v2\/media?parent=34529"}],"wp:term":[{"taxonomy":"category","embeddable":true,"href":"https:\/\/www.deberes.net\/tesis\/wp-json\/wp\/v2\/categories?post=34529"},{"taxonomy":"post_tag","embeddable":true,"href":"https:\/\/www.deberes.net\/tesis\/wp-json\/wp\/v2\/tags?post=34529"}],"curies":[{"name":"wp","href":"https:\/\/api.w.org\/{rel}","templated":true}]}}