{"id":34536,"date":"1998-01-01T00:00:00","date_gmt":"1998-01-01T00:00:00","guid":{"rendered":"https:\/\/www.deberes.net\/tesis\/sin-categoria\/lo-bravo-el-amanse-y-lo-manso-representacion-apropiacion-y-dinamica-social-del-territorio-en-los-andes-macizo-colombiano\/"},"modified":"1998-01-01T00:00:00","modified_gmt":"1998-01-01T00:00:00","slug":"lo-bravo-el-amanse-y-lo-manso-representacion-apropiacion-y-dinamica-social-del-territorio-en-los-andes-macizo-colombiano","status":"publish","type":"post","link":"https:\/\/www.deberes.net\/tesis\/antropologia\/lo-bravo-el-amanse-y-lo-manso-representacion-apropiacion-y-dinamica-social-del-territorio-en-los-andes-macizo-colombiano\/","title":{"rendered":"\u00ablo bravo, el amanse y lo manso\u00bb: representacion, apropiacion y dinamica social del territorio en los andes (macizo colombiano)."},"content":{"rendered":"<h2>Tesis doctoral de <strong> Beatriz Nates Cruz <\/strong><\/h2>\n<p>El trabajo de campo para la realizaci\u00f3n de esta tesis se desarroll\u00f3 entre campesinos e indigenas yanaconas del macizo colombiano al sur de colombia.  esta tesis muestra a trav\u00e9s de un tratamiento de categorias locales (lo bravo, el amanse y lo manso) como los nativos de estas comunidades representan, apropian y socializan su territorio mediante pr\u00e1cticas y relaciones a trav\u00e9s de las cuales se pudo establecer y explicar la estructuraci\u00f3n de su mundo social y cultural. Las categor\u00edas de lo bravo, el amanse y lo manso, definen y representan el territorio social y ecol\u00f3gico en sus distintos niveles de concepci\u00f3n cosmol\u00f3gica poniendonos en evidencia c\u00f3mo por ejemplo acercarse a una pluralidad de contenidos donde se define la liminalidad de la cultura. Lo manso nos conduce entonces a la humanizaci\u00f3n y socializaci\u00f3n de lo bravo para conducirnos mediante el proceso del amanse al mundo culturalizado, a lo manso a la cotidianidad de los nativos asentados en los resguardos de tierras comunales y las parcelas de propiedad privada.<\/p>\n<p>&nbsp;<\/p>\n<h3>Datos acad\u00e9micos de la tesis doctoral \u00ab<strong>\u00ablo bravo, el amanse y lo manso\u00bb: representacion, apropiacion y dinamica social del territorio en los andes (macizo colombiano).<\/strong>\u00ab<\/h3>\n<ul>\n<li><strong>T\u00edtulo de la tesis:<\/strong>\u00a0 \u00ablo bravo, el amanse y lo manso\u00bb: representacion, apropiacion y dinamica social del territorio en los andes (macizo colombiano). <\/li>\n<li><strong>Autor:<\/strong>\u00a0 Beatriz Nates Cruz <\/li>\n<li><strong>Universidad:<\/strong>\u00a0 Complutense de Madrid<\/li>\n<li><strong>Fecha de lectura de la tesis:<\/strong>\u00a0 01\/01\/1998<\/li>\n<\/ul>\n<p>&nbsp;<\/p>\n<h3>Direcci\u00f3n y tribunal<\/h3>\n<ul>\n<li><strong>Director de la tesis<\/strong>\n<ul>\n<li>Tomas Maria Catedra<\/li>\n<\/ul>\n<\/li>\n<li><strong>Tribunal<\/strong>\n<ul>\n<li>Presidente del tribunal: Luis Garcia Jose <\/li>\n<li>Manuel Guti\u00e9rrez Est\u00e9vez (vocal)<\/li>\n<li>Mar\u00eda Gonzales Encinar (vocal)<\/li>\n<li>Claudine Fabre-vassas (vocal)<\/li>\n<\/ul>\n<\/li>\n<\/ul>\n<p>&nbsp;<\/p>\n","protected":false},"excerpt":{"rendered":"<p>Tesis doctoral de Beatriz Nates Cruz El trabajo de campo para la realizaci\u00f3n de esta tesis se desarroll\u00f3 entre campesinos [&hellip;]<\/p>\n","protected":false},"author":1,"featured_media":0,"comment_status":"open","ping_status":"open","sticky":false,"template":"","format":"standard","meta":{"site-sidebar-layout":"default","site-content-layout":"","ast-site-content-layout":"","site-content-style":"default","site-sidebar-style":"default","ast-global-header-display":"","ast-banner-title-visibility":"","ast-main-header-display":"","ast-hfb-above-header-display":"","ast-hfb-below-header-display":"","ast-hfb-mobile-header-display":"","site-post-title":"","ast-breadcrumbs-content":"","ast-featured-img":"","footer-sml-layout":"","theme-transparent-header-meta":"","adv-header-id-meta":"","stick-header-meta":"","header-above-stick-meta":"","header-main-stick-meta":"","header-below-stick-meta":"","astra-migrate-meta-layouts":"default","ast-page-background-enabled":"default","ast-page-background-meta":{"desktop":{"background-color":"var(--ast-global-color-4)","background-image":"","background-repeat":"repeat","background-position":"center center","background-size":"auto","background-attachment":"scroll","background-type":"","background-media":"","overlay-type":"","overlay-color":"","overlay-gradient":""},"tablet":{"background-color":"","background-image":"","background-repeat":"repeat","background-position":"center center","background-size":"auto","background-attachment":"scroll","background-type":"","background-media":"","overlay-type":"","overlay-color":"","overlay-gradient":""},"mobile":{"background-color":"","background-image":"","background-repeat":"repeat","background-position":"center center","background-size":"auto","background-attachment":"scroll","background-type":"","background-media":"","overlay-type":"","overlay-color":"","overlay-gradient":""}},"ast-content-background-meta":{"desktop":{"background-color":"var(--ast-global-color-5)","background-image":"","background-repeat":"repeat","background-position":"center center","background-size":"auto","background-attachment":"scroll","background-type":"","background-media":"","overlay-type":"","overlay-color":"","overlay-gradient":""},"tablet":{"background-color":"var(--ast-global-color-5)","background-image":"","background-repeat":"repeat","background-position":"center center","background-size":"auto","background-attachment":"scroll","background-type":"","background-media":"","overlay-type":"","overlay-color":"","overlay-gradient":""},"mobile":{"background-color":"var(--ast-global-color-5)","background-image":"","background-repeat":"repeat","background-position":"center center","background-size":"auto","background-attachment":"scroll","background-type":"","background-media":"","overlay-type":"","overlay-color":"","overlay-gradient":""}},"footnotes":""},"categories":[681,983,2720],"tags":[93101,93104,60464,5151,93103,93102],"class_list":["post-34536","post","type-post","status-publish","format-standard","hentry","category-antropologia","category-antropologia-cultural","category-antropologia-social","tag-beatriz-nates-cruz","tag-claudine-fabre-vassas","tag-luis-garcia-jose","tag-manuel-gutierrez-estevez","tag-maria-gonzales-encinar","tag-tomas-maria-catedra"],"_links":{"self":[{"href":"https:\/\/www.deberes.net\/tesis\/wp-json\/wp\/v2\/posts\/34536","targetHints":{"allow":["GET"]}}],"collection":[{"href":"https:\/\/www.deberes.net\/tesis\/wp-json\/wp\/v2\/posts"}],"about":[{"href":"https:\/\/www.deberes.net\/tesis\/wp-json\/wp\/v2\/types\/post"}],"author":[{"embeddable":true,"href":"https:\/\/www.deberes.net\/tesis\/wp-json\/wp\/v2\/users\/1"}],"replies":[{"embeddable":true,"href":"https:\/\/www.deberes.net\/tesis\/wp-json\/wp\/v2\/comments?post=34536"}],"version-history":[{"count":0,"href":"https:\/\/www.deberes.net\/tesis\/wp-json\/wp\/v2\/posts\/34536\/revisions"}],"wp:attachment":[{"href":"https:\/\/www.deberes.net\/tesis\/wp-json\/wp\/v2\/media?parent=34536"}],"wp:term":[{"taxonomy":"category","embeddable":true,"href":"https:\/\/www.deberes.net\/tesis\/wp-json\/wp\/v2\/categories?post=34536"},{"taxonomy":"post_tag","embeddable":true,"href":"https:\/\/www.deberes.net\/tesis\/wp-json\/wp\/v2\/tags?post=34536"}],"curies":[{"name":"wp","href":"https:\/\/api.w.org\/{rel}","templated":true}]}}