{"id":34565,"date":"1998-01-01T00:00:00","date_gmt":"1998-01-01T00:00:00","guid":{"rendered":"https:\/\/www.deberes.net\/tesis\/sin-categoria\/bases-para-una-teoria-de-la-ensenanza-de-las-ciencias-sociales-en-la-educacion-basica\/"},"modified":"1998-01-01T00:00:00","modified_gmt":"1998-01-01T00:00:00","slug":"bases-para-una-teoria-de-la-ensenanza-de-las-ciencias-sociales-en-la-educacion-basica","status":"publish","type":"post","link":"https:\/\/www.deberes.net\/tesis\/pedagogia\/bases-para-una-teoria-de-la-ensenanza-de-las-ciencias-sociales-en-la-educacion-basica\/","title":{"rendered":"Bases para una teoria de la ense\u00f1anza de las ciencias sociales en la educacion basica."},"content":{"rendered":"<h2>Tesis doctoral de <strong>  Parra Ortiz Jos\u00e9 M. <\/strong><\/h2>\n<p>La tesis cumple un doble prop\u00f3sito: en primer lugar, establecer las bases te\u00f3ricas para la elaboraci\u00f3n de un modelo did\u00e1ctico de las ciencias sociales que permita orientar la pr\u00e1ctica de la ense\u00f1anza en este campo desde supuestos rigurosamente cient\u00edficos; en segundo lugar, conocer el modelo did\u00e1ctico utilizado por el profesor que imparte el \u00e1rea de estudios sociales en la etapa de educaci\u00f3n secundaria obligatoria y su proyecci\u00f3n sobre su pr\u00e1ctica educativa.  el conocimiento de la propuesta did\u00e1ctica de estos profesores, nos va a permitir constatar las posibilidades de aplicaci\u00f3n efectiva de un modelo did\u00e1ctico como el que propugnamos que nace con la voluntad de transformar y mejorar la pr\u00e1ctica de la ense\u00f1anza en este \u00e1rea. Los aspectos fundamentales del trabajo son:  1. El estado actual de la ense\u00f1anza de las ciencias sociales en nuestro pa\u00eds.  2. El curriculum de estudios sociales: estudio comparado.  3. Nuestra propuesta de modelo did\u00e1ctico para la ense\u00f1anza del conocimiento social: supuestos te\u00f3ricos que fundamentan su elaboraci\u00f3n. 4. Estructura del modelo did\u00e1ctico. 5. Modelo de formaci\u00f3n de ciencias sociales en la educaci\u00f3n secundaria obligatoria.<\/p>\n<p>&nbsp;<\/p>\n<h3>Datos acad\u00e9micos de la tesis doctoral \u00ab<strong>Bases para una teoria de la ense\u00f1anza de las ciencias sociales en la educacion basica.<\/strong>\u00ab<\/h3>\n<ul>\n<li><strong>T\u00edtulo de la tesis:<\/strong>\u00a0 Bases para una teoria de la ense\u00f1anza de las ciencias sociales en la educacion basica. <\/li>\n<li><strong>Autor:<\/strong>\u00a0  Parra Ortiz Jos\u00e9 M. <\/li>\n<li><strong>Universidad:<\/strong>\u00a0 Complutense de Madrid<\/li>\n<li><strong>Fecha de lectura de la tesis:<\/strong>\u00a0 01\/01\/1998<\/li>\n<\/ul>\n<p>&nbsp;<\/p>\n<h3>Direcci\u00f3n y tribunal<\/h3>\n<ul>\n<li><strong>Director de la tesis<\/strong>\n<ul>\n<li>Antonio Medina Rivilla<\/li>\n<\/ul>\n<\/li>\n<li><strong>Tribunal<\/strong>\n<ul>\n<li>Presidente del tribunal: Mar\u00eda  Isabel Gutierrez Zuloaga <\/li>\n<li>Mar\u00eda Luisa Sevillano Garc\u00eda (vocal)<\/li>\n<li>Luis Arranz M\u00e1rquez (vocal)<\/li>\n<li>Mar\u00eda Concepci\u00f3n Dom\u00ednguez Garrido (vocal)<\/li>\n<\/ul>\n<\/li>\n<\/ul>\n<p>&nbsp;<\/p>\n","protected":false},"excerpt":{"rendered":"<p>Tesis doctoral de Parra Ortiz Jos\u00e9 M. La tesis cumple un doble prop\u00f3sito: en primer lugar, establecer las bases te\u00f3ricas [&hellip;]<\/p>\n","protected":false},"author":1,"featured_media":0,"comment_status":"open","ping_status":"open","sticky":false,"template":"","format":"standard","meta":{"site-sidebar-layout":"default","site-content-layout":"","ast-site-content-layout":"","site-content-style":"default","site-sidebar-style":"default","ast-global-header-display":"","ast-banner-title-visibility":"","ast-main-header-display":"","ast-hfb-above-header-display":"","ast-hfb-below-header-display":"","ast-hfb-mobile-header-display":"","site-post-title":"","ast-breadcrumbs-content":"","ast-featured-img":"","footer-sml-layout":"","theme-transparent-header-meta":"","adv-header-id-meta":"","stick-header-meta":"","header-above-stick-meta":"","header-main-stick-meta":"","header-below-stick-meta":"","astra-migrate-meta-layouts":"default","ast-page-background-enabled":"default","ast-page-background-meta":{"desktop":{"background-color":"var(--ast-global-color-4)","background-image":"","background-repeat":"repeat","background-position":"center center","background-size":"auto","background-attachment":"scroll","background-type":"","background-media":"","overlay-type":"","overlay-color":"","overlay-gradient":""},"tablet":{"background-color":"","background-image":"","background-repeat":"repeat","background-position":"center center","background-size":"auto","background-attachment":"scroll","background-type":"","background-media":"","overlay-type":"","overlay-color":"","overlay-gradient":""},"mobile":{"background-color":"","background-image":"","background-repeat":"repeat","background-position":"center center","background-size":"auto","background-attachment":"scroll","background-type":"","background-media":"","overlay-type":"","overlay-color":"","overlay-gradient":""}},"ast-content-background-meta":{"desktop":{"background-color":"var(--ast-global-color-5)","background-image":"","background-repeat":"repeat","background-position":"center center","background-size":"auto","background-attachment":"scroll","background-type":"","background-media":"","overlay-type":"","overlay-color":"","overlay-gradient":""},"tablet":{"background-color":"var(--ast-global-color-5)","background-image":"","background-repeat":"repeat","background-position":"center center","background-size":"auto","background-attachment":"scroll","background-type":"","background-media":"","overlay-type":"","overlay-color":"","overlay-gradient":""},"mobile":{"background-color":"var(--ast-global-color-5)","background-image":"","background-repeat":"repeat","background-position":"center center","background-size":"auto","background-attachment":"scroll","background-type":"","background-media":"","overlay-type":"","overlay-color":"","overlay-gradient":""}},"footnotes":""},"categories":[2623,1184,1141,1341,11958],"tags":[6213,27943,35511,22676,6263,93153],"class_list":["post-34565","post","type-post","status-publish","format-standard","hentry","category-educacion-basica","category-organizacion-y-planificacion-de-la-educacion","category-pedagogia","category-teoria-y-metodos-educativos","category-teorias-educativas","tag-antonio-medina-rivilla","tag-luis-arranz-marquez","tag-maria-concepcion-dominguez-garrido","tag-maria-isabel-gutierrez-zuloaga","tag-maria-luisa-sevillano-garcia","tag-parra-ortiz-jose-m"],"_links":{"self":[{"href":"https:\/\/www.deberes.net\/tesis\/wp-json\/wp\/v2\/posts\/34565","targetHints":{"allow":["GET"]}}],"collection":[{"href":"https:\/\/www.deberes.net\/tesis\/wp-json\/wp\/v2\/posts"}],"about":[{"href":"https:\/\/www.deberes.net\/tesis\/wp-json\/wp\/v2\/types\/post"}],"author":[{"embeddable":true,"href":"https:\/\/www.deberes.net\/tesis\/wp-json\/wp\/v2\/users\/1"}],"replies":[{"embeddable":true,"href":"https:\/\/www.deberes.net\/tesis\/wp-json\/wp\/v2\/comments?post=34565"}],"version-history":[{"count":0,"href":"https:\/\/www.deberes.net\/tesis\/wp-json\/wp\/v2\/posts\/34565\/revisions"}],"wp:attachment":[{"href":"https:\/\/www.deberes.net\/tesis\/wp-json\/wp\/v2\/media?parent=34565"}],"wp:term":[{"taxonomy":"category","embeddable":true,"href":"https:\/\/www.deberes.net\/tesis\/wp-json\/wp\/v2\/categories?post=34565"},{"taxonomy":"post_tag","embeddable":true,"href":"https:\/\/www.deberes.net\/tesis\/wp-json\/wp\/v2\/tags?post=34565"}],"curies":[{"name":"wp","href":"https:\/\/api.w.org\/{rel}","templated":true}]}}