{"id":34621,"date":"1998-01-01T00:00:00","date_gmt":"1998-01-01T00:00:00","guid":{"rendered":"https:\/\/www.deberes.net\/tesis\/sin-categoria\/aspectos-sociales-de-la-epoca-de-alejandro-magno-sociedad-y-dependencia-personal-en-la-anabasis-de-alejandro-magno-de-arriano-de-nicomedia\/"},"modified":"1998-01-01T00:00:00","modified_gmt":"1998-01-01T00:00:00","slug":"aspectos-sociales-de-la-epoca-de-alejandro-magno-sociedad-y-dependencia-personal-en-la-anabasis-de-alejandro-magno-de-arriano-de-nicomedia","status":"publish","type":"post","link":"https:\/\/www.deberes.net\/tesis\/historia\/aspectos-sociales-de-la-epoca-de-alejandro-magno-sociedad-y-dependencia-personal-en-la-anabasis-de-alejandro-magno-de-arriano-de-nicomedia\/","title":{"rendered":"Aspectos sociales de la epoca de alejandro magno. sociedad y dependencia personal en \u00abla anabasis de alejandro magno\u00bb de arriano de nicomedia."},"content":{"rendered":"<h2>Tesis doctoral de <strong>  Rodriguez Cerezo Tomas Martin <\/strong><\/h2>\n<p>A trav\u00e9s de la obra de arriano se ha realizado un estudio de las transformaciones sociales que supuso el reinado de alejandro magno tanto para macedonia, como para los territorios incorporados tras la conquista. Se ha puesto especial inter\u00e9s en resaltar los aspectos vinculados a la dependencia personal (esclavitud individual, dependencia colectiva, etc.). Para ello se ha desarrollado un indice tem\u00e1tico de la esclavitud y la dependencia personal en la obra de arriano, siguiendo los criterios del modelo desarrollado por el departamento de historia antigua de la u. De besancon y del girea. Uno de los aspectos m\u00e1s importantes de este trabajo ha sido evidenciar las carencias que en algunos aspectos del an\u00e1lisis social presenta la obra de arriano. Este an\u00e1lisis social se ha completado con el estudio de la obra de otros autores, as\u00ed como la utilizaci\u00f3n de otras fuentes: epigr\u00e1ficas, arqueol\u00f3gicas o numism\u00e1ticas.  el reinado de alejandro tuvo importantes repercusiones tanto para el propio reino de macedonia como para los territorio incorporados al dominio del monarca macedonio.  alejandro utiliza los mismos planteamientos pol\u00edticos y sociales de su padre filipo ii aunque dentro de un marco geogr\u00e1fico much\u00edsimo m\u00e1s extenso y complejo. Por otro lado no duda en usar los modelos existentes, como sucede en la persia aquem\u00e9nida, en egipto, caria, babilonia para afianzar su poder sobre los nuevos territorios.  finalmente, destacar como el reinado de alejandro constituye el enlace entre las formas de las monarqu\u00edas tradicionales del s. Iv a.C.: Macedonia y persia y las formas de las monarqu\u00edas helen\u00edsticas que se desarrollan a finales del siglo iv a. C. En un nuevo contexto geopol\u00edtico del mundo griego.<\/p>\n<p>&nbsp;<\/p>\n<h3>Datos acad\u00e9micos de la tesis doctoral \u00ab<strong>Aspectos sociales de la epoca de alejandro magno. sociedad y dependencia personal en \u00abla anabasis de alejandro magno\u00bb de arriano de nicomedia.<\/strong>\u00ab<\/h3>\n<ul>\n<li><strong>T\u00edtulo de la tesis:<\/strong>\u00a0 Aspectos sociales de la epoca de alejandro magno. sociedad y dependencia personal en \u00abla anabasis de alejandro magno\u00bb de arriano de nicomedia. <\/li>\n<li><strong>Autor:<\/strong>\u00a0  Rodriguez Cerezo Tomas Martin <\/li>\n<li><strong>Universidad:<\/strong>\u00a0 Complutense de Madrid<\/li>\n<li><strong>Fecha de lectura de la tesis:<\/strong>\u00a0 01\/01\/1998<\/li>\n<\/ul>\n<p>&nbsp;<\/p>\n<h3>Direcci\u00f3n y tribunal<\/h3>\n<ul>\n<li><strong>Director de la tesis<\/strong>\n<ul>\n<li>Domingo Placido Suarez<\/li>\n<\/ul>\n<\/li>\n<li><strong>Tribunal<\/strong>\n<ul>\n<li>Presidente del tribunal: Arminda Lozano Velilla <\/li>\n<li>Francisco Diez De Velasco Abellan (vocal)<\/li>\n<li>Antonio Guzm\u00e1n Guerra (vocal)<\/li>\n<li> Gomez Espelosin Fco. Javier (vocal)<\/li>\n<\/ul>\n<\/li>\n<\/ul>\n<p>&nbsp;<\/p>\n","protected":false},"excerpt":{"rendered":"<p>Tesis doctoral de Rodriguez Cerezo Tomas Martin A trav\u00e9s de la obra de arriano se ha realizado un estudio de [&hellip;]<\/p>\n","protected":false},"author":1,"featured_media":0,"comment_status":"open","ping_status":"open","sticky":false,"template":"","format":"standard","meta":{"site-sidebar-layout":"default","site-content-layout":"","ast-site-content-layout":"","site-content-style":"default","site-sidebar-style":"default","ast-global-header-display":"","ast-banner-title-visibility":"","ast-main-header-display":"","ast-hfb-above-header-display":"","ast-hfb-below-header-display":"","ast-hfb-mobile-header-display":"","site-post-title":"","ast-breadcrumbs-content":"","ast-featured-img":"","footer-sml-layout":"","theme-transparent-header-meta":"","adv-header-id-meta":"","stick-header-meta":"","header-above-stick-meta":"","header-main-stick-meta":"","header-below-stick-meta":"","astra-migrate-meta-layouts":"default","ast-page-background-enabled":"default","ast-page-background-meta":{"desktop":{"background-color":"var(--ast-global-color-4)","background-image":"","background-repeat":"repeat","background-position":"center center","background-size":"auto","background-attachment":"scroll","background-type":"","background-media":"","overlay-type":"","overlay-color":"","overlay-gradient":""},"tablet":{"background-color":"","background-image":"","background-repeat":"repeat","background-position":"center center","background-size":"auto","background-attachment":"scroll","background-type":"","background-media":"","overlay-type":"","overlay-color":"","overlay-gradient":""},"mobile":{"background-color":"","background-image":"","background-repeat":"repeat","background-position":"center center","background-size":"auto","background-attachment":"scroll","background-type":"","background-media":"","overlay-type":"","overlay-color":"","overlay-gradient":""}},"ast-content-background-meta":{"desktop":{"background-color":"var(--ast-global-color-5)","background-image":"","background-repeat":"repeat","background-position":"center center","background-size":"auto","background-attachment":"scroll","background-type":"","background-media":"","overlay-type":"","overlay-color":"","overlay-gradient":""},"tablet":{"background-color":"var(--ast-global-color-5)","background-image":"","background-repeat":"repeat","background-position":"center center","background-size":"auto","background-attachment":"scroll","background-type":"","background-media":"","overlay-type":"","overlay-color":"","overlay-gradient":""},"mobile":{"background-color":"var(--ast-global-color-5)","background-image":"","background-repeat":"repeat","background-position":"center center","background-size":"auto","background-attachment":"scroll","background-type":"","background-media":"","overlay-type":"","overlay-color":"","overlay-gradient":""}},"footnotes":""},"categories":[104,569,220],"tags":[6471,11033,6805,21324,93243,93242],"class_list":["post-34621","post","type-post","status-publish","format-standard","hentry","category-historia","category-historia-antigua","category-historia-por-epocas","tag-antonio-guzman-guerra","tag-arminda-lozano-velilla","tag-domingo-placido-suarez","tag-francisco-diez-de-velasco-abellan","tag-gomez-espelosin-fco-javier","tag-rodriguez-cerezo-tomas-martin"],"_links":{"self":[{"href":"https:\/\/www.deberes.net\/tesis\/wp-json\/wp\/v2\/posts\/34621","targetHints":{"allow":["GET"]}}],"collection":[{"href":"https:\/\/www.deberes.net\/tesis\/wp-json\/wp\/v2\/posts"}],"about":[{"href":"https:\/\/www.deberes.net\/tesis\/wp-json\/wp\/v2\/types\/post"}],"author":[{"embeddable":true,"href":"https:\/\/www.deberes.net\/tesis\/wp-json\/wp\/v2\/users\/1"}],"replies":[{"embeddable":true,"href":"https:\/\/www.deberes.net\/tesis\/wp-json\/wp\/v2\/comments?post=34621"}],"version-history":[{"count":0,"href":"https:\/\/www.deberes.net\/tesis\/wp-json\/wp\/v2\/posts\/34621\/revisions"}],"wp:attachment":[{"href":"https:\/\/www.deberes.net\/tesis\/wp-json\/wp\/v2\/media?parent=34621"}],"wp:term":[{"taxonomy":"category","embeddable":true,"href":"https:\/\/www.deberes.net\/tesis\/wp-json\/wp\/v2\/categories?post=34621"},{"taxonomy":"post_tag","embeddable":true,"href":"https:\/\/www.deberes.net\/tesis\/wp-json\/wp\/v2\/tags?post=34621"}],"curies":[{"name":"wp","href":"https:\/\/api.w.org\/{rel}","templated":true}]}}