{"id":34639,"date":"1998-01-01T00:00:00","date_gmt":"1998-01-01T00:00:00","guid":{"rendered":"https:\/\/www.deberes.net\/tesis\/sin-categoria\/las-cofradias-en-el-madrid-del-siglo-xviii\/"},"modified":"1998-01-01T00:00:00","modified_gmt":"1998-01-01T00:00:00","slug":"las-cofradias-en-el-madrid-del-siglo-xviii","status":"publish","type":"post","link":"https:\/\/www.deberes.net\/tesis\/historia\/las-cofradias-en-el-madrid-del-siglo-xviii\/","title":{"rendered":"Las cofradias en el Madrid del siglo xviii."},"content":{"rendered":"<h2>Tesis doctoral de <strong> Milagrosa Romero Samper <\/strong><\/h2>\n<p>Los resultados de esta investigaci\u00f3n se articulan en torno a los siguientes cap\u00edtulos, a los que precede un examen del estado de la cuesti\u00f3n: 1.- Las cofrad\u00edas de la villa y corte. 2.- La reforma de las cofrad\u00edas en el contexto general del reformismo ilustrado. 3.- Las ra\u00edces de la pol\u00e9mica ilustrada contra las cofrad\u00edas. 4.- La reforma de las cofrad\u00edas en europa: el caso austriaco e italiano. 5.- ?Una reforma posible?: La eclesi\u00e1stica. 6.- una reforma conflictiva: Madrid. Los fines de la investigaci\u00f3n han consistido en: 1.- Determinar los distintos aspectos de la imbricaci\u00f3n de las cofrad\u00edas madrile\u00f1as en la corte, y que constituyen una de sus caracter\u00edsticas propias. 2.- Establecer los puntos fundamentales de la pol\u00e9mica ilustrada contra las cofrad\u00edas y su relaci\u00f3n con otras medidas reformistas, aclarando los t\u00e9rminos en que se plante\u00f3 la reforma. 3.- encuadrar las reformas de las cofrad\u00edas en el contexto europeo y determinar las distintas corrientes que confluyen en el movimiento reformista. 4.- Precisar el alcance del influjo eclesi\u00e1stico en la reforma, enlaz\u00e1ndola con alguna de las principales iniciativas post-tridentinas, subrayando el papel concreto de la jerarqu\u00eda espa\u00f1ola y la complejidad de las relaciones entre las hermandades y las autoridades eclesi\u00e1sticas.  5.- Analizar las distintas fases de la reforma de las cofrad\u00edas en Madrid, relacionando las circunstancias particulares que confluyen en la corte, con el planteamiento general de reforma.<\/p>\n<p>&nbsp;<\/p>\n<h3>Datos acad\u00e9micos de la tesis doctoral \u00ab<strong>Las cofradias en el Madrid del siglo xviii.<\/strong>\u00ab<\/h3>\n<ul>\n<li><strong>T\u00edtulo de la tesis:<\/strong>\u00a0 Las cofradias en el Madrid del siglo xviii. <\/li>\n<li><strong>Autor:<\/strong>\u00a0 Milagrosa Romero Samper <\/li>\n<li><strong>Universidad:<\/strong>\u00a0 Complutense de Madrid<\/li>\n<li><strong>Fecha de lectura de la tesis:<\/strong>\u00a0 01\/01\/1998<\/li>\n<\/ul>\n<p>&nbsp;<\/p>\n<h3>Direcci\u00f3n y tribunal<\/h3>\n<ul>\n<li><strong>Director de la tesis<\/strong>\n<ul>\n<li>Enrique Mart\u00ednez Ruiz<\/li>\n<\/ul>\n<\/li>\n<li><strong>Tribunal<\/strong>\n<ul>\n<li>Presidente del tribunal:  Enciso Recio Luis Miguel <\/li>\n<li>Emilia Salvador (vocal)<\/li>\n<li>Jos\u00e9 Antonio Armillas Vicente (vocal)<\/li>\n<li>Enrique Gim\u00e9nez L\u00f3pez (vocal)<\/li>\n<\/ul>\n<\/li>\n<\/ul>\n<p>&nbsp;<\/p>\n","protected":false},"excerpt":{"rendered":"<p>Tesis doctoral de Milagrosa Romero Samper Los resultados de esta investigaci\u00f3n se articulan en torno a los siguientes cap\u00edtulos, a [&hellip;]<\/p>\n","protected":false},"author":1,"featured_media":0,"comment_status":"open","ping_status":"open","sticky":false,"template":"","format":"standard","meta":{"site-sidebar-layout":"default","site-content-layout":"","ast-site-content-layout":"","site-content-style":"default","site-sidebar-style":"default","ast-global-header-display":"","ast-banner-title-visibility":"","ast-main-header-display":"","ast-hfb-above-header-display":"","ast-hfb-below-header-display":"","ast-hfb-mobile-header-display":"","site-post-title":"","ast-breadcrumbs-content":"","ast-featured-img":"","footer-sml-layout":"","theme-transparent-header-meta":"","adv-header-id-meta":"","stick-header-meta":"","header-above-stick-meta":"","header-main-stick-meta":"","header-below-stick-meta":"","astra-migrate-meta-layouts":"default","ast-page-background-enabled":"default","ast-page-background-meta":{"desktop":{"background-color":"var(--ast-global-color-4)","background-image":"","background-repeat":"repeat","background-position":"center center","background-size":"auto","background-attachment":"scroll","background-type":"","background-media":"","overlay-type":"","overlay-color":"","overlay-gradient":""},"tablet":{"background-color":"","background-image":"","background-repeat":"repeat","background-position":"center center","background-size":"auto","background-attachment":"scroll","background-type":"","background-media":"","overlay-type":"","overlay-color":"","overlay-gradient":""},"mobile":{"background-color":"","background-image":"","background-repeat":"repeat","background-position":"center center","background-size":"auto","background-attachment":"scroll","background-type":"","background-media":"","overlay-type":"","overlay-color":"","overlay-gradient":""}},"ast-content-background-meta":{"desktop":{"background-color":"var(--ast-global-color-5)","background-image":"","background-repeat":"repeat","background-position":"center center","background-size":"auto","background-attachment":"scroll","background-type":"","background-media":"","overlay-type":"","overlay-color":"","overlay-gradient":""},"tablet":{"background-color":"var(--ast-global-color-5)","background-image":"","background-repeat":"repeat","background-position":"center center","background-size":"auto","background-attachment":"scroll","background-type":"","background-media":"","overlay-type":"","overlay-color":"","overlay-gradient":""},"mobile":{"background-color":"var(--ast-global-color-5)","background-image":"","background-repeat":"repeat","background-position":"center center","background-size":"auto","background-attachment":"scroll","background-type":"","background-media":"","overlay-type":"","overlay-color":"","overlay-gradient":""}},"footnotes":""},"categories":[104,3967,1015,220,222],"tags":[93265,5916,4940,4939,4941,93264],"class_list":["post-34639","post","type-post","status-publish","format-standard","hentry","category-historia","category-historia-de-la-iglesia","category-historia-moderna-del-area-europea","category-historia-por-epocas","category-historias-especializadas","tag-emilia-salvador","tag-enciso-recio-luis-miguel","tag-enrique-gimenez-lopez","tag-enrique-Martinez-ruiz","tag-jose-antonio-armillas-vicente","tag-milagrosa-romero-samper"],"_links":{"self":[{"href":"https:\/\/www.deberes.net\/tesis\/wp-json\/wp\/v2\/posts\/34639","targetHints":{"allow":["GET"]}}],"collection":[{"href":"https:\/\/www.deberes.net\/tesis\/wp-json\/wp\/v2\/posts"}],"about":[{"href":"https:\/\/www.deberes.net\/tesis\/wp-json\/wp\/v2\/types\/post"}],"author":[{"embeddable":true,"href":"https:\/\/www.deberes.net\/tesis\/wp-json\/wp\/v2\/users\/1"}],"replies":[{"embeddable":true,"href":"https:\/\/www.deberes.net\/tesis\/wp-json\/wp\/v2\/comments?post=34639"}],"version-history":[{"count":0,"href":"https:\/\/www.deberes.net\/tesis\/wp-json\/wp\/v2\/posts\/34639\/revisions"}],"wp:attachment":[{"href":"https:\/\/www.deberes.net\/tesis\/wp-json\/wp\/v2\/media?parent=34639"}],"wp:term":[{"taxonomy":"category","embeddable":true,"href":"https:\/\/www.deberes.net\/tesis\/wp-json\/wp\/v2\/categories?post=34639"},{"taxonomy":"post_tag","embeddable":true,"href":"https:\/\/www.deberes.net\/tesis\/wp-json\/wp\/v2\/tags?post=34639"}],"curies":[{"name":"wp","href":"https:\/\/api.w.org\/{rel}","templated":true}]}}