{"id":34689,"date":"1998-01-01T00:00:00","date_gmt":"1998-01-01T00:00:00","guid":{"rendered":"https:\/\/www.deberes.net\/tesis\/sin-categoria\/subordinacion-sustantiva-y-construcciones-exclamativas-en-el-transito-del-espanol-medieval-al-clasico\/"},"modified":"1998-01-01T00:00:00","modified_gmt":"1998-01-01T00:00:00","slug":"subordinacion-sustantiva-y-construcciones-exclamativas-en-el-transito-del-espanol-medieval-al-clasico","status":"publish","type":"post","link":"https:\/\/www.deberes.net\/tesis\/linguistica\/subordinacion-sustantiva-y-construcciones-exclamativas-en-el-transito-del-espanol-medieval-al-clasico\/","title":{"rendered":"Subordinacion sustantiva y construcciones exclamativas en el transito del espa\u00f1ol medieval al clasico."},"content":{"rendered":"<h2>Tesis doctoral de <strong> Yong Shin Chan <\/strong><\/h2>\n<p>En este trabajo hemos planteado las exclamativas subordinadas como un tipo oracional independiente de las interrogativas y, para ello, hemos observado la perspectiva sint\u00e1ctico-sem\u00e1ntica de aquellas construcciones a trav\u00e9s del an\u00e1lisis de los verbos o palabras predicativas regentes. Funcionalmente, las oraciones exclamativas subordinadas son subordinadas sustantivas, al igual que las interrogativas.  en el planteamiento de las modalidades oracionales, la distinci\u00f3n paradigm\u00e1tica de las llamadas oracionales exclamativas indirectas ha sido propuesta por la lingu\u00edstica de la enunciaci\u00f3n y engloba dos niveles funcionales: la oraci\u00f3n exclamativa indirecta (como modalidad de la enunciaci\u00f3n) y la exclamativa modal (como modalidad apreciativa del enunciado). La investigaci\u00f3n de tales esquemas oracionales en el tr\u00e1nsito del espa\u00f1ol medieval al cl\u00e1sico contribuir\u00e1 a delimitar las oraciones exclamativas subordinadas en el plano gramatical del espa\u00f1ol.<\/p>\n<p>&nbsp;<\/p>\n<h3>Datos acad\u00e9micos de la tesis doctoral \u00ab<strong>Subordinacion sustantiva y construcciones exclamativas en el transito del espa\u00f1ol medieval al clasico.<\/strong>\u00ab<\/h3>\n<ul>\n<li><strong>T\u00edtulo de la tesis:<\/strong>\u00a0 Subordinacion sustantiva y construcciones exclamativas en el transito del espa\u00f1ol medieval al clasico. <\/li>\n<li><strong>Autor:<\/strong>\u00a0 Yong Shin Chan <\/li>\n<li><strong>Universidad:<\/strong>\u00a0 Complutense de Madrid<\/li>\n<li><strong>Fecha de lectura de la tesis:<\/strong>\u00a0 01\/01\/1998<\/li>\n<\/ul>\n<p>&nbsp;<\/p>\n<h3>Direcci\u00f3n y tribunal<\/h3>\n<ul>\n<li><strong>Director de la tesis<\/strong>\n<ul>\n<li>Jos\u00e9 Luis Giron Alconchel<\/li>\n<\/ul>\n<\/li>\n<li><strong>Tribunal<\/strong>\n<ul>\n<li>Presidente del tribunal: Jos\u00e9 Jes\u00fas Bustos Tovar <\/li>\n<li> Elvira Gonzalez JavierEnrique (vocal)<\/li>\n<li>Rafael Cano Aguilar (vocal)<\/li>\n<li>Jes\u00fas Moreno Bernal (vocal)<\/li>\n<\/ul>\n<\/li>\n<\/ul>\n<p>&nbsp;<\/p>\n","protected":false},"excerpt":{"rendered":"<p>Tesis doctoral de Yong Shin Chan En este trabajo hemos planteado las exclamativas subordinadas como un tipo oracional independiente de [&hellip;]<\/p>\n","protected":false},"author":1,"featured_media":0,"comment_status":"open","ping_status":"open","sticky":false,"template":"","format":"standard","meta":{"site-sidebar-layout":"default","site-content-layout":"","ast-site-content-layout":"","site-content-style":"default","site-sidebar-style":"default","ast-global-header-display":"","ast-banner-title-visibility":"","ast-main-header-display":"","ast-hfb-above-header-display":"","ast-hfb-below-header-display":"","ast-hfb-mobile-header-display":"","site-post-title":"","ast-breadcrumbs-content":"","ast-featured-img":"","footer-sml-layout":"","theme-transparent-header-meta":"","adv-header-id-meta":"","stick-header-meta":"","header-above-stick-meta":"","header-main-stick-meta":"","header-below-stick-meta":"","astra-migrate-meta-layouts":"default","ast-page-background-enabled":"default","ast-page-background-meta":{"desktop":{"background-color":"var(--ast-global-color-4)","background-image":"","background-repeat":"repeat","background-position":"center center","background-size":"auto","background-attachment":"scroll","background-type":"","background-media":"","overlay-type":"","overlay-color":"","overlay-gradient":""},"tablet":{"background-color":"","background-image":"","background-repeat":"repeat","background-position":"center center","background-size":"auto","background-attachment":"scroll","background-type":"","background-media":"","overlay-type":"","overlay-color":"","overlay-gradient":""},"mobile":{"background-color":"","background-image":"","background-repeat":"repeat","background-position":"center center","background-size":"auto","background-attachment":"scroll","background-type":"","background-media":"","overlay-type":"","overlay-color":"","overlay-gradient":""}},"ast-content-background-meta":{"desktop":{"background-color":"var(--ast-global-color-5)","background-image":"","background-repeat":"repeat","background-position":"center center","background-size":"auto","background-attachment":"scroll","background-type":"","background-media":"","overlay-type":"","overlay-color":"","overlay-gradient":""},"tablet":{"background-color":"var(--ast-global-color-5)","background-image":"","background-repeat":"repeat","background-position":"center center","background-size":"auto","background-attachment":"scroll","background-type":"","background-media":"","overlay-type":"","overlay-color":"","overlay-gradient":""},"mobile":{"background-color":"var(--ast-global-color-5)","background-image":"","background-repeat":"repeat","background-position":"center center","background-size":"auto","background-attachment":"scroll","background-type":"","background-media":"","overlay-type":"","overlay-color":"","overlay-gradient":""}},"footnotes":""},"categories":[59,423,590,62],"tags":[84899,6583,56772,6582,12254,93345],"class_list":["post-34689","post","type-post","status-publish","format-standard","hentry","category-linguistica","category-linguistica-diacronica","category-linguistica-historica","category-linguistica-sincronica","tag-elvira-gonzalez-javierenrique","tag-jesus-moreno-bernal","tag-jose-jesus-bustos-tovar","tag-jose-luis-giron-alconchel","tag-rafael-cano-aguilar","tag-yong-shin-chan"],"_links":{"self":[{"href":"https:\/\/www.deberes.net\/tesis\/wp-json\/wp\/v2\/posts\/34689","targetHints":{"allow":["GET"]}}],"collection":[{"href":"https:\/\/www.deberes.net\/tesis\/wp-json\/wp\/v2\/posts"}],"about":[{"href":"https:\/\/www.deberes.net\/tesis\/wp-json\/wp\/v2\/types\/post"}],"author":[{"embeddable":true,"href":"https:\/\/www.deberes.net\/tesis\/wp-json\/wp\/v2\/users\/1"}],"replies":[{"embeddable":true,"href":"https:\/\/www.deberes.net\/tesis\/wp-json\/wp\/v2\/comments?post=34689"}],"version-history":[{"count":0,"href":"https:\/\/www.deberes.net\/tesis\/wp-json\/wp\/v2\/posts\/34689\/revisions"}],"wp:attachment":[{"href":"https:\/\/www.deberes.net\/tesis\/wp-json\/wp\/v2\/media?parent=34689"}],"wp:term":[{"taxonomy":"category","embeddable":true,"href":"https:\/\/www.deberes.net\/tesis\/wp-json\/wp\/v2\/categories?post=34689"},{"taxonomy":"post_tag","embeddable":true,"href":"https:\/\/www.deberes.net\/tesis\/wp-json\/wp\/v2\/tags?post=34689"}],"curies":[{"name":"wp","href":"https:\/\/api.w.org\/{rel}","templated":true}]}}