{"id":34692,"date":"1998-01-01T00:00:00","date_gmt":"1998-01-01T00:00:00","guid":{"rendered":"https:\/\/www.deberes.net\/tesis\/sin-categoria\/procesos-de-duelo-e-identificacion-en-la-adolescencia\/"},"modified":"1998-01-01T00:00:00","modified_gmt":"1998-01-01T00:00:00","slug":"procesos-de-duelo-e-identificacion-en-la-adolescencia","status":"publish","type":"post","link":"https:\/\/www.deberes.net\/tesis\/psicologia\/procesos-de-duelo-e-identificacion-en-la-adolescencia\/","title":{"rendered":"Procesos de duelo e identificacion en la adolescencia."},"content":{"rendered":"<h2>Tesis doctoral de <strong> Valentina Silva Valbuena <\/strong><\/h2>\n<p>En esta investigaci\u00f3n se han estudiado, desde el punto de vista evolutivo y con el apoyo de la teor\u00eda psicoanal\u00edtica, los procesos de duelo e identificaci\u00f3n a lo largo de la adolescencia normal. Para ello se realiz\u00f3 una extensa revisi\u00f3n bibliogr\u00e1fica y se emplearon t\u00e9cnicas proyectivas (casa-arbol-persona y l\u00e1minas del t.R.O.) Y una entrevista cl\u00ednica, en un grupo de cincuenta y dos adolescentes. En lo que llamo adolescencia temprana, se encontr\u00f3 que se inicia el duelo por el cuerpo infantil (negaci\u00f3n de cambios y alteraci\u00f3n del v\u00ednculo de integraci\u00f3n espacial). En la adolescencia media, se inicia la separaci\u00f3n de las figuras parentales y la b\u00fasqueda de relaciones exog\u00e1micas, alter\u00e1ndose los v\u00ednculos de integraci\u00f3n temporal y social. En la adolescencia tard\u00eda, observ\u00e9 que se alcanza una identidad sexual relativamente estable, hay mayor aceptaci\u00f3n de los cambios corporales, aunque no parece estar elaborada todav\u00eda la p\u00e9rdida del cuerpo infantil ni se ha elaborado completamente la separaci\u00f3n de los padres.<\/p>\n<p>&nbsp;<\/p>\n<h3>Datos acad\u00e9micos de la tesis doctoral \u00ab<strong>Procesos de duelo e identificacion en la adolescencia.<\/strong>\u00ab<\/h3>\n<ul>\n<li><strong>T\u00edtulo de la tesis:<\/strong>\u00a0 Procesos de duelo e identificacion en la adolescencia. <\/li>\n<li><strong>Autor:<\/strong>\u00a0 Valentina Silva Valbuena <\/li>\n<li><strong>Universidad:<\/strong>\u00a0 Complutense de Madrid<\/li>\n<li><strong>Fecha de lectura de la tesis:<\/strong>\u00a0 01\/01\/1998<\/li>\n<\/ul>\n<p>&nbsp;<\/p>\n<h3>Direcci\u00f3n y tribunal<\/h3>\n<ul>\n<li><strong>Director de la tesis<\/strong>\n<ul>\n<li>Mercedes Valcarce Avello<\/li>\n<\/ul>\n<\/li>\n<li><strong>Tribunal<\/strong>\n<ul>\n<li>Presidente del tribunal: Pedro Chacon Fuertes <\/li>\n<li>Jos\u00e9 Rallo (vocal)<\/li>\n<li>Ileana Enesco Arana (vocal)<\/li>\n<li>Luis Linaza Jose (vocal)<\/li>\n<\/ul>\n<\/li>\n<\/ul>\n<p>&nbsp;<\/p>\n","protected":false},"excerpt":{"rendered":"<p>Tesis doctoral de Valentina Silva Valbuena En esta investigaci\u00f3n se han estudiado, desde el punto de vista evolutivo y con [&hellip;]<\/p>\n","protected":false},"author":1,"featured_media":0,"comment_status":"open","ping_status":"open","sticky":false,"template":"","format":"standard","meta":{"site-sidebar-layout":"default","site-content-layout":"","ast-site-content-layout":"","site-content-style":"default","site-sidebar-style":"default","ast-global-header-display":"","ast-banner-title-visibility":"","ast-main-header-display":"","ast-hfb-above-header-display":"","ast-hfb-below-header-display":"","ast-hfb-mobile-header-display":"","site-post-title":"","ast-breadcrumbs-content":"","ast-featured-img":"","footer-sml-layout":"","theme-transparent-header-meta":"","adv-header-id-meta":"","stick-header-meta":"","header-above-stick-meta":"","header-main-stick-meta":"","header-below-stick-meta":"","astra-migrate-meta-layouts":"default","ast-page-background-enabled":"default","ast-page-background-meta":{"desktop":{"background-color":"var(--ast-global-color-4)","background-image":"","background-repeat":"repeat","background-position":"center center","background-size":"auto","background-attachment":"scroll","background-type":"","background-media":"","overlay-type":"","overlay-color":"","overlay-gradient":""},"tablet":{"background-color":"","background-image":"","background-repeat":"repeat","background-position":"center center","background-size":"auto","background-attachment":"scroll","background-type":"","background-media":"","overlay-type":"","overlay-color":"","overlay-gradient":""},"mobile":{"background-color":"","background-image":"","background-repeat":"repeat","background-position":"center center","background-size":"auto","background-attachment":"scroll","background-type":"","background-media":"","overlay-type":"","overlay-color":"","overlay-gradient":""}},"ast-content-background-meta":{"desktop":{"background-color":"var(--ast-global-color-5)","background-image":"","background-repeat":"repeat","background-position":"center center","background-size":"auto","background-attachment":"scroll","background-type":"","background-media":"","overlay-type":"","overlay-color":"","overlay-gradient":""},"tablet":{"background-color":"var(--ast-global-color-5)","background-image":"","background-repeat":"repeat","background-position":"center center","background-size":"auto","background-attachment":"scroll","background-type":"","background-media":"","overlay-type":"","overlay-color":"","overlay-gradient":""},"mobile":{"background-color":"var(--ast-global-color-5)","background-image":"","background-repeat":"repeat","background-position":"center center","background-size":"auto","background-attachment":"scroll","background-type":"","background-media":"","overlay-type":"","overlay-color":"","overlay-gradient":""}},"footnotes":""},"categories":[324,970,2758],"tags":[14655,93353,51186,12439,23978,93352],"class_list":["post-34692","post","type-post","status-publish","format-standard","hentry","category-psicologia","category-psicologia-del-nino-y-del-adolescente","category-psicologia-evolutiva","tag-ileana-enesco-arana","tag-jose-rallo","tag-luis-linaza-jose","tag-mercedes-valcarce-avello","tag-pedro-chacon-fuertes","tag-valentina-silva-valbuena"],"_links":{"self":[{"href":"https:\/\/www.deberes.net\/tesis\/wp-json\/wp\/v2\/posts\/34692","targetHints":{"allow":["GET"]}}],"collection":[{"href":"https:\/\/www.deberes.net\/tesis\/wp-json\/wp\/v2\/posts"}],"about":[{"href":"https:\/\/www.deberes.net\/tesis\/wp-json\/wp\/v2\/types\/post"}],"author":[{"embeddable":true,"href":"https:\/\/www.deberes.net\/tesis\/wp-json\/wp\/v2\/users\/1"}],"replies":[{"embeddable":true,"href":"https:\/\/www.deberes.net\/tesis\/wp-json\/wp\/v2\/comments?post=34692"}],"version-history":[{"count":0,"href":"https:\/\/www.deberes.net\/tesis\/wp-json\/wp\/v2\/posts\/34692\/revisions"}],"wp:attachment":[{"href":"https:\/\/www.deberes.net\/tesis\/wp-json\/wp\/v2\/media?parent=34692"}],"wp:term":[{"taxonomy":"category","embeddable":true,"href":"https:\/\/www.deberes.net\/tesis\/wp-json\/wp\/v2\/categories?post=34692"},{"taxonomy":"post_tag","embeddable":true,"href":"https:\/\/www.deberes.net\/tesis\/wp-json\/wp\/v2\/tags?post=34692"}],"curies":[{"name":"wp","href":"https:\/\/api.w.org\/{rel}","templated":true}]}}