{"id":34704,"date":"1998-01-01T00:00:00","date_gmt":"1998-01-01T00:00:00","guid":{"rendered":"https:\/\/www.deberes.net\/tesis\/sin-categoria\/el-derecho-a-la-autodeterminacion-informativa-como-nuevo-derecho-constitucional\/"},"modified":"1998-01-01T00:00:00","modified_gmt":"1998-01-01T00:00:00","slug":"el-derecho-a-la-autodeterminacion-informativa-como-nuevo-derecho-constitucional","status":"publish","type":"post","link":"https:\/\/www.deberes.net\/tesis\/ciencias-juridicas-y-derecho\/el-derecho-a-la-autodeterminacion-informativa-como-nuevo-derecho-constitucional\/","title":{"rendered":"El derecho a la autodeterminacion informativa como nuevo derecho constitucional."},"content":{"rendered":"<h2>Tesis doctoral de <strong>  Suarez Crothers Christian Gabril <\/strong><\/h2>\n<p>Se trata de una tesis de derecho comparado por medio de la cual se investiga, principalmente, la posibilidad de introducir en el ordenamiento chileno el derecho a la autodeterminaci\u00f3n informativa como un nuevo derecho fundamental. Para ello se tiene como par\u00e1metro la legislaci\u00f3n y la doctrina espa\u00f1ola y se analiza la estructura del art\u00edculo 18 ce, para determinar si los derechos all\u00ed contemplados y, especialmente, el del numeral 4., Constituyen derechos aut\u00f3nomos o son meras derivaciones del derecho a la intimidad. Para realizar este an\u00e1lisis no s\u00f3lo se recurre a la opini\u00f3n de los autores en espa\u00f1a, sino que se revisa la experiencia de la privacy norteamericana, del \u00abdroit a la vie priv\u00e9e\u00bb, en francia y del derecho a la riservatezza, en italia, para demostrar que el m\u00e9todo de la subsunci\u00f3n de los nuevos derechos en el derecho matriz lleva a la hipertrofia de este \u00faltimo y a la consiguiente inseguridad en la protecci\u00f3n de la libertad. Se concluye que es posible la introducci\u00f3n de este nuevo derecho en chile, por la v\u00eda del art. 5. Cch. Y el principio de dignidad.<\/p>\n<p>&nbsp;<\/p>\n<h3>Datos acad\u00e9micos de la tesis doctoral \u00ab<strong>El derecho a la autodeterminacion informativa como nuevo derecho constitucional.<\/strong>\u00ab<\/h3>\n<ul>\n<li><strong>T\u00edtulo de la tesis:<\/strong>\u00a0 El derecho a la autodeterminacion informativa como nuevo derecho constitucional. <\/li>\n<li><strong>Autor:<\/strong>\u00a0  Suarez Crothers Christian Gabril <\/li>\n<li><strong>Universidad:<\/strong>\u00a0 Complutense de Madrid<\/li>\n<li><strong>Fecha de lectura de la tesis:<\/strong>\u00a0 01\/01\/1998<\/li>\n<\/ul>\n<p>&nbsp;<\/p>\n<h3>Direcci\u00f3n y tribunal<\/h3>\n<ul>\n<li><strong>Director de la tesis<\/strong>\n<ul>\n<li>Ra\u00fal Leopoldo Canosa Usera<\/li>\n<\/ul>\n<\/li>\n<li><strong>Tribunal<\/strong>\n<ul>\n<li>Presidente del tribunal: Jose Iturmendi Morales <\/li>\n<li>Pablo Lucas Murillo De La Cueva (vocal)<\/li>\n<li>Pablo Lucias Verdu (vocal)<\/li>\n<li>Francisco Javier Garc\u00eda Roca (vocal)<\/li>\n<\/ul>\n<\/li>\n<\/ul>\n<p>&nbsp;<\/p>\n","protected":false},"excerpt":{"rendered":"<p>Tesis doctoral de Suarez Crothers Christian Gabril Se trata de una tesis de derecho comparado por medio de la cual [&hellip;]<\/p>\n","protected":false},"author":1,"featured_media":0,"comment_status":"open","ping_status":"open","sticky":false,"template":"","format":"standard","meta":{"site-sidebar-layout":"default","site-content-layout":"","ast-site-content-layout":"","site-content-style":"default","site-sidebar-style":"default","ast-global-header-display":"","ast-banner-title-visibility":"","ast-main-header-display":"","ast-hfb-above-header-display":"","ast-hfb-below-header-display":"","ast-hfb-mobile-header-display":"","site-post-title":"","ast-breadcrumbs-content":"","ast-featured-img":"","footer-sml-layout":"","theme-transparent-header-meta":"","adv-header-id-meta":"","stick-header-meta":"","header-above-stick-meta":"","header-main-stick-meta":"","header-below-stick-meta":"","astra-migrate-meta-layouts":"default","ast-page-background-enabled":"default","ast-page-background-meta":{"desktop":{"background-color":"var(--ast-global-color-4)","background-image":"","background-repeat":"repeat","background-position":"center center","background-size":"auto","background-attachment":"scroll","background-type":"","background-media":"","overlay-type":"","overlay-color":"","overlay-gradient":""},"tablet":{"background-color":"","background-image":"","background-repeat":"repeat","background-position":"center center","background-size":"auto","background-attachment":"scroll","background-type":"","background-media":"","overlay-type":"","overlay-color":"","overlay-gradient":""},"mobile":{"background-color":"","background-image":"","background-repeat":"repeat","background-position":"center center","background-size":"auto","background-attachment":"scroll","background-type":"","background-media":"","overlay-type":"","overlay-color":"","overlay-gradient":""}},"ast-content-background-meta":{"desktop":{"background-color":"var(--ast-global-color-5)","background-image":"","background-repeat":"repeat","background-position":"center center","background-size":"auto","background-attachment":"scroll","background-type":"","background-media":"","overlay-type":"","overlay-color":"","overlay-gradient":""},"tablet":{"background-color":"var(--ast-global-color-5)","background-image":"","background-repeat":"repeat","background-position":"center center","background-size":"auto","background-attachment":"scroll","background-type":"","background-media":"","overlay-type":"","overlay-color":"","overlay-gradient":""},"mobile":{"background-color":"var(--ast-global-color-5)","background-image":"","background-repeat":"repeat","background-position":"center center","background-size":"auto","background-attachment":"scroll","background-type":"","background-media":"","overlay-type":"","overlay-color":"","overlay-gradient":""}},"footnotes":""},"categories":[612,1450,979],"tags":[61535,4854,23422,93376,46277,93375],"class_list":["post-34704","post","type-post","status-publish","format-standard","hentry","category-ciencias-juridicas-y-derecho","category-derecho-constitucional","category-derecho-y-legislacion-nacionales","tag-francisco-javier-garcia-roca","tag-jose-iturmendi-morales","tag-pablo-lucas-murillo-de-la-cueva","tag-pablo-lucias-verdu","tag-raul-leopoldo-canosa-usera","tag-suarez-crothers-christian-gabril"],"_links":{"self":[{"href":"https:\/\/www.deberes.net\/tesis\/wp-json\/wp\/v2\/posts\/34704","targetHints":{"allow":["GET"]}}],"collection":[{"href":"https:\/\/www.deberes.net\/tesis\/wp-json\/wp\/v2\/posts"}],"about":[{"href":"https:\/\/www.deberes.net\/tesis\/wp-json\/wp\/v2\/types\/post"}],"author":[{"embeddable":true,"href":"https:\/\/www.deberes.net\/tesis\/wp-json\/wp\/v2\/users\/1"}],"replies":[{"embeddable":true,"href":"https:\/\/www.deberes.net\/tesis\/wp-json\/wp\/v2\/comments?post=34704"}],"version-history":[{"count":0,"href":"https:\/\/www.deberes.net\/tesis\/wp-json\/wp\/v2\/posts\/34704\/revisions"}],"wp:attachment":[{"href":"https:\/\/www.deberes.net\/tesis\/wp-json\/wp\/v2\/media?parent=34704"}],"wp:term":[{"taxonomy":"category","embeddable":true,"href":"https:\/\/www.deberes.net\/tesis\/wp-json\/wp\/v2\/categories?post=34704"},{"taxonomy":"post_tag","embeddable":true,"href":"https:\/\/www.deberes.net\/tesis\/wp-json\/wp\/v2\/tags?post=34704"}],"curies":[{"name":"wp","href":"https:\/\/api.w.org\/{rel}","templated":true}]}}