{"id":34721,"date":"1998-01-01T00:00:00","date_gmt":"1998-01-01T00:00:00","guid":{"rendered":"https:\/\/www.deberes.net\/tesis\/sin-categoria\/los-inmigrantes-y-su-insercion-laboral-en-la-comunidad-de-madrid-propuesta-de-un-proyecto-pedagogico\/"},"modified":"1998-01-01T00:00:00","modified_gmt":"1998-01-01T00:00:00","slug":"los-inmigrantes-y-su-insercion-laboral-en-la-comunidad-de-madrid-propuesta-de-un-proyecto-pedagogico","status":"publish","type":"post","link":"https:\/\/www.deberes.net\/tesis\/demografia\/los-inmigrantes-y-su-insercion-laboral-en-la-comunidad-de-madrid-propuesta-de-un-proyecto-pedagogico\/","title":{"rendered":"Los inmigrantes y su insercion laboral en la comunidad de Madrid: propuesta de un proyecto pedagogico."},"content":{"rendered":"<h2>Tesis doctoral de <strong>  Touza Rodriguez M. Ines <\/strong><\/h2>\n<p>La comunidad aut\u00f3noma de Madrid acoge a un alto \u00edndice de inmigrantes. Centr\u00e1ndonos en un colectivo concreto: el colectivo econ\u00f3mico (salida de su pa\u00eds por motivos econ\u00f3micos), y con un nivel cultural bajo: sin estudios o con estudios primarios, proponemos ofrecerle una formaci\u00f3n espec\u00edfica, que, adapt\u00e1ndose a sus cualidades, permita su incorporaci\u00f3n al mundo laboral, teniendo en cuenta las ofertas que, con mayor demanda, existen en nuestra comunidad. Para ello dise\u00f1amos un modelo de proyecto pedag\u00f3gico que sirve de base a la elaboraci\u00f3n de los distintos programas formativos que deber\u00e1 cursar este colectivo concreto de inmigrantes y facilitarles as\u00ed su inserci\u00f3n en el mercado de trabajo que oferta la comunidad de Madrid.<\/p>\n<p>&nbsp;<\/p>\n<h3>Datos acad\u00e9micos de la tesis doctoral \u00ab<strong>Los inmigrantes y su insercion laboral en la comunidad de Madrid: propuesta de un proyecto pedagogico.<\/strong>\u00ab<\/h3>\n<ul>\n<li><strong>T\u00edtulo de la tesis:<\/strong>\u00a0 Los inmigrantes y su insercion laboral en la comunidad de Madrid: propuesta de un proyecto pedagogico. <\/li>\n<li><strong>Autor:<\/strong>\u00a0  Touza Rodriguez M. Ines <\/li>\n<li><strong>Universidad:<\/strong>\u00a0 Complutense de Madrid<\/li>\n<li><strong>Fecha de lectura de la tesis:<\/strong>\u00a0 01\/01\/1998<\/li>\n<\/ul>\n<p>&nbsp;<\/p>\n<h3>Direcci\u00f3n y tribunal<\/h3>\n<ul>\n<li><strong>Director de la tesis<\/strong>\n<ul>\n<li> Lopez Herrerias Jos\u00e9 Angel<\/li>\n<\/ul>\n<\/li>\n<li><strong>Tribunal<\/strong>\n<ul>\n<li>Presidente del tribunal: Jose Crespo Vasco <\/li>\n<li>Antonio Mu\u00f1oz Sedano (vocal)<\/li>\n<li>Gloria Perez Serrano (vocal)<\/li>\n<li>Samuel Gento Palacios (vocal)<\/li>\n<\/ul>\n<\/li>\n<\/ul>\n<p>&nbsp;<\/p>\n","protected":false},"excerpt":{"rendered":"<p>Tesis doctoral de Touza Rodriguez M. Ines La comunidad aut\u00f3noma de Madrid acoge a un alto \u00edndice de inmigrantes. Centr\u00e1ndonos [&hellip;]<\/p>\n","protected":false},"author":1,"featured_media":0,"comment_status":"open","ping_status":"open","sticky":false,"template":"","format":"standard","meta":{"site-sidebar-layout":"default","site-content-layout":"","ast-site-content-layout":"","site-content-style":"default","site-sidebar-style":"default","ast-global-header-display":"","ast-banner-title-visibility":"","ast-main-header-display":"","ast-hfb-above-header-display":"","ast-hfb-below-header-display":"","ast-hfb-mobile-header-display":"","site-post-title":"","ast-breadcrumbs-content":"","ast-featured-img":"","footer-sml-layout":"","theme-transparent-header-meta":"","adv-header-id-meta":"","stick-header-meta":"","header-above-stick-meta":"","header-main-stick-meta":"","header-below-stick-meta":"","astra-migrate-meta-layouts":"default","ast-page-background-enabled":"default","ast-page-background-meta":{"desktop":{"background-color":"var(--ast-global-color-4)","background-image":"","background-repeat":"repeat","background-position":"center center","background-size":"auto","background-attachment":"scroll","background-type":"","background-media":"","overlay-type":"","overlay-color":"","overlay-gradient":""},"tablet":{"background-color":"","background-image":"","background-repeat":"repeat","background-position":"center center","background-size":"auto","background-attachment":"scroll","background-type":"","background-media":"","overlay-type":"","overlay-color":"","overlay-gradient":""},"mobile":{"background-color":"","background-image":"","background-repeat":"repeat","background-position":"center center","background-size":"auto","background-attachment":"scroll","background-type":"","background-media":"","overlay-type":"","overlay-color":"","overlay-gradient":""}},"ast-content-background-meta":{"desktop":{"background-color":"var(--ast-global-color-5)","background-image":"","background-repeat":"repeat","background-position":"center center","background-size":"auto","background-attachment":"scroll","background-type":"","background-media":"","overlay-type":"","overlay-color":"","overlay-gradient":""},"tablet":{"background-color":"var(--ast-global-color-5)","background-image":"","background-repeat":"repeat","background-position":"center center","background-size":"auto","background-attachment":"scroll","background-type":"","background-media":"","overlay-type":"","overlay-color":"","overlay-gradient":""},"mobile":{"background-color":"var(--ast-global-color-5)","background-image":"","background-repeat":"repeat","background-position":"center center","background-size":"auto","background-attachment":"scroll","background-type":"","background-media":"","overlay-type":"","overlay-color":"","overlay-gradient":""}},"footnotes":""},"categories":[1066,1353,58841,13042,1184,1141],"tags":[2629,2628,5841,22913,44673,93403],"class_list":["post-34721","post","type-post","status-publish","format-standard","hentry","category-demografia","category-demografia-geografica","category-demografia-urbana","category-educacion-de-adultos","category-organizacion-y-planificacion-de-la-educacion","category-pedagogia","tag-antonio-munoz-sedano","tag-gloria-perez-serrano","tag-jose-crespo-vasco","tag-lopez-herrerias-jose-angel","tag-samuel-gento-palacios","tag-touza-rodriguez-m-ines"],"_links":{"self":[{"href":"https:\/\/www.deberes.net\/tesis\/wp-json\/wp\/v2\/posts\/34721","targetHints":{"allow":["GET"]}}],"collection":[{"href":"https:\/\/www.deberes.net\/tesis\/wp-json\/wp\/v2\/posts"}],"about":[{"href":"https:\/\/www.deberes.net\/tesis\/wp-json\/wp\/v2\/types\/post"}],"author":[{"embeddable":true,"href":"https:\/\/www.deberes.net\/tesis\/wp-json\/wp\/v2\/users\/1"}],"replies":[{"embeddable":true,"href":"https:\/\/www.deberes.net\/tesis\/wp-json\/wp\/v2\/comments?post=34721"}],"version-history":[{"count":0,"href":"https:\/\/www.deberes.net\/tesis\/wp-json\/wp\/v2\/posts\/34721\/revisions"}],"wp:attachment":[{"href":"https:\/\/www.deberes.net\/tesis\/wp-json\/wp\/v2\/media?parent=34721"}],"wp:term":[{"taxonomy":"category","embeddable":true,"href":"https:\/\/www.deberes.net\/tesis\/wp-json\/wp\/v2\/categories?post=34721"},{"taxonomy":"post_tag","embeddable":true,"href":"https:\/\/www.deberes.net\/tesis\/wp-json\/wp\/v2\/tags?post=34721"}],"curies":[{"name":"wp","href":"https:\/\/api.w.org\/{rel}","templated":true}]}}