{"id":34798,"date":"1998-01-01T00:00:00","date_gmt":"1998-01-01T00:00:00","guid":{"rendered":"https:\/\/www.deberes.net\/tesis\/sin-categoria\/competencia-social-en-el-retraso-mental-diferencias-debidas-al-grado-de-deficiencia-la-edad-y-el-genero\/"},"modified":"1998-01-01T00:00:00","modified_gmt":"1998-01-01T00:00:00","slug":"competencia-social-en-el-retraso-mental-diferencias-debidas-al-grado-de-deficiencia-la-edad-y-el-genero","status":"publish","type":"post","link":"https:\/\/www.deberes.net\/tesis\/psicologia\/competencia-social-en-el-retraso-mental-diferencias-debidas-al-grado-de-deficiencia-la-edad-y-el-genero\/","title":{"rendered":"Competencia social en el retraso mental: diferencias debidas al grado de deficiencia, la edad y el genero."},"content":{"rendered":"<h2>Tesis doctoral de <strong> Jose Garcia Garcia <\/strong><\/h2>\n<p>El presente estudio examina la relaci\u00f3n de cuatro variables criterio (grado de deficiencia, edad, g\u00e9nero y tipo de aula en la reciben educaci\u00f3n), con 47 variables obtenidas por la valoraci\u00f3n del profesor y por autoinformes. La muestra se compone de 225 sujetos deficientes comprendidos entre los 5 y los 18 a\u00f1os de edad. Los resultados obtenidos apuntan hacia las siguientes conclusiones principales: las fuentes utilizadas en este trabajo, profesor (como valoraci\u00f3n externa) y alumno (como valoraci\u00f3n interna), seg\u00fan se desprende de los resultados se validan mutuamente. Se ha encontrado capacidad suficiente en los alumnos para contestar con precisi\u00f3n a los autoinformes. En los autoinformes el grado de retraso mental juega un papel importante, los alumnos del grupo alto muestran mejor capacidad. En la valoraci\u00f3n del profesor hay diferencias seg\u00fan sea el grado de retraso. Encontramos mayores diferencia entre la fuente externa y la fuente interna de valoraci\u00f3n en habilidades positivas y en grado de retraso. En el efecto diferencial de la edad, se perciben mejor por el profesor los alumnos mayores que los menores. Por el tipo de aula los centros exclusivos de ee y los de integraci\u00f3n, son los grupos mejor adaptados, mientras que las aulas de ee en centros normales son las peor valoradas por profesores y alumnos. El g\u00e9nero replica los resultados de los normales.<\/p>\n<p>&nbsp;<\/p>\n<h3>Datos acad\u00e9micos de la tesis doctoral \u00ab<strong>Competencia social en el retraso mental: diferencias debidas al grado de deficiencia, la edad y el genero.<\/strong>\u00ab<\/h3>\n<ul>\n<li><strong>T\u00edtulo de la tesis:<\/strong>\u00a0 Competencia social en el retraso mental: diferencias debidas al grado de deficiencia, la edad y el genero. <\/li>\n<li><strong>Autor:<\/strong>\u00a0 Jose Garcia Garcia <\/li>\n<li><strong>Universidad:<\/strong>\u00a0 M\u00e1laga<\/li>\n<li><strong>Fecha de lectura de la tesis:<\/strong>\u00a0 01\/01\/1998<\/li>\n<\/ul>\n<p>&nbsp;<\/p>\n<h3>Direcci\u00f3n y tribunal<\/h3>\n<ul>\n<li><strong>Director de la tesis<\/strong>\n<ul>\n<li> Trianes Torres M. Victoria<\/li>\n<\/ul>\n<\/li>\n<li><strong>Tribunal<\/strong>\n<ul>\n<li>Presidente del tribunal: Jaime Rodr\u00edguez Sacrist\u00e1n <\/li>\n<li>Angela Mu\u00f1oz Sanchez (vocal)<\/li>\n<li>Francisco Cano Garcia (vocal)<\/li>\n<li> Linares Von Schmiterlow Mar\u00eda  Del Carmen (vocal)<\/li>\n<\/ul>\n<\/li>\n<\/ul>\n<p>&nbsp;<\/p>\n","protected":false},"excerpt":{"rendered":"<p>Tesis doctoral de Jose Garcia Garcia El presente estudio examina la relaci\u00f3n de cuatro variables criterio (grado de deficiencia, edad, [&hellip;]<\/p>\n","protected":false},"author":1,"featured_media":0,"comment_status":"open","ping_status":"open","sticky":false,"template":"","format":"standard","meta":{"site-sidebar-layout":"default","site-content-layout":"","ast-site-content-layout":"","site-content-style":"default","site-sidebar-style":"default","ast-global-header-display":"","ast-banner-title-visibility":"","ast-main-header-display":"","ast-hfb-above-header-display":"","ast-hfb-below-header-display":"","ast-hfb-mobile-header-display":"","site-post-title":"","ast-breadcrumbs-content":"","ast-featured-img":"","footer-sml-layout":"","theme-transparent-header-meta":"","adv-header-id-meta":"","stick-header-meta":"","header-above-stick-meta":"","header-main-stick-meta":"","header-below-stick-meta":"","astra-migrate-meta-layouts":"default","ast-page-background-enabled":"default","ast-page-background-meta":{"desktop":{"background-color":"var(--ast-global-color-4)","background-image":"","background-repeat":"repeat","background-position":"center center","background-size":"auto","background-attachment":"scroll","background-type":"","background-media":"","overlay-type":"","overlay-color":"","overlay-gradient":""},"tablet":{"background-color":"","background-image":"","background-repeat":"repeat","background-position":"center center","background-size":"auto","background-attachment":"scroll","background-type":"","background-media":"","overlay-type":"","overlay-color":"","overlay-gradient":""},"mobile":{"background-color":"","background-image":"","background-repeat":"repeat","background-position":"center center","background-size":"auto","background-attachment":"scroll","background-type":"","background-media":"","overlay-type":"","overlay-color":"","overlay-gradient":""}},"ast-content-background-meta":{"desktop":{"background-color":"var(--ast-global-color-5)","background-image":"","background-repeat":"repeat","background-position":"center center","background-size":"auto","background-attachment":"scroll","background-type":"","background-media":"","overlay-type":"","overlay-color":"","overlay-gradient":""},"tablet":{"background-color":"var(--ast-global-color-5)","background-image":"","background-repeat":"repeat","background-position":"center center","background-size":"auto","background-attachment":"scroll","background-type":"","background-media":"","overlay-type":"","overlay-color":"","overlay-gradient":""},"mobile":{"background-color":"var(--ast-global-color-5)","background-image":"","background-repeat":"repeat","background-position":"center center","background-size":"auto","background-attachment":"scroll","background-type":"","background-media":"","overlay-type":"","overlay-color":"","overlay-gradient":""}},"footnotes":""},"categories":[3289,7834,324,970],"tags":[58211,92070,1914,62511,93532,93531],"class_list":["post-34798","post","type-post","status-publish","format-standard","hentry","category-deficiencia-mental-del-nino-y-del-adolescente","category-malaga","category-psicologia","category-psicologia-del-nino-y-del-adolescente","tag-angela-munoz-sanchez","tag-francisco-cano-garcia","tag-jaime-rodriguez-sacristan","tag-jose-garcia-garcia","tag-linares-von-schmiterlow-maria-del-carmen","tag-trianes-torres-m-victoria"],"_links":{"self":[{"href":"https:\/\/www.deberes.net\/tesis\/wp-json\/wp\/v2\/posts\/34798","targetHints":{"allow":["GET"]}}],"collection":[{"href":"https:\/\/www.deberes.net\/tesis\/wp-json\/wp\/v2\/posts"}],"about":[{"href":"https:\/\/www.deberes.net\/tesis\/wp-json\/wp\/v2\/types\/post"}],"author":[{"embeddable":true,"href":"https:\/\/www.deberes.net\/tesis\/wp-json\/wp\/v2\/users\/1"}],"replies":[{"embeddable":true,"href":"https:\/\/www.deberes.net\/tesis\/wp-json\/wp\/v2\/comments?post=34798"}],"version-history":[{"count":0,"href":"https:\/\/www.deberes.net\/tesis\/wp-json\/wp\/v2\/posts\/34798\/revisions"}],"wp:attachment":[{"href":"https:\/\/www.deberes.net\/tesis\/wp-json\/wp\/v2\/media?parent=34798"}],"wp:term":[{"taxonomy":"category","embeddable":true,"href":"https:\/\/www.deberes.net\/tesis\/wp-json\/wp\/v2\/categories?post=34798"},{"taxonomy":"post_tag","embeddable":true,"href":"https:\/\/www.deberes.net\/tesis\/wp-json\/wp\/v2\/tags?post=34798"}],"curies":[{"name":"wp","href":"https:\/\/api.w.org\/{rel}","templated":true}]}}