{"id":34807,"date":"1998-01-01T00:00:00","date_gmt":"1998-01-01T00:00:00","guid":{"rendered":"https:\/\/www.deberes.net\/tesis\/sin-categoria\/talidad-y-trascendentalidad-en-xavier-zubiri\/"},"modified":"1998-01-01T00:00:00","modified_gmt":"1998-01-01T00:00:00","slug":"talidad-y-trascendentalidad-en-xavier-zubiri","status":"publish","type":"post","link":"https:\/\/www.deberes.net\/tesis\/filosofia\/talidad-y-trascendentalidad-en-xavier-zubiri\/","title":{"rendered":"Talidad y trascendentalidad en xavier zubiri."},"content":{"rendered":"<h2>Tesis doctoral de <strong>  Henares Lopez Jos\u00e9 Manuel <\/strong><\/h2>\n<p>La tesis est\u00e1 consagrada a la tem\u00e1tica conjunta e indivisa de la talidad y trascendentalidad, que atraviesa de medio a medio la filosof\u00eda de zubiri, siendo clave para su total comprensi\u00f3n.  el pensar recupera la hondura de la realidad, entibando, asimismo, el di\u00e1logo entre ciencia y filosof\u00eda. El m\u00e9todo utilizado es el descriptivo- fenomenol\u00f3gico, acorde con el nuevo horizonte mental que abre la noolog\u00eda zubiriana; \u00e9sta incardina la articulaci\u00f3n de \u00abaprehensi\u00f3n primordial\u00bb, \u00ablogos\u00bb y \u00abraz\u00f3n\u00bb. El prolijo an\u00e1lisis de la materia, bajo el prisma de esencia y dinamismo, dada su constructa e ing\u00e9nita respectividad, comporta la reformulaci\u00f3n de cuestiones como el devenir, causalidad, funcionalidad, espacio y tiempo; el despliegue de las estructuras din\u00e1micas de la realidad, jalonado por la \u00abvariaci\u00f3n\u00bb, \u00abalteraci\u00f3n\u00bb y \u00abmismidad\u00bb, arriba en la \u00absuidad\u00bb espec\u00edfica de ese animal hiperformalizado, abierta esencia, que es el humano. Los problemas que secularmente han embargado su estudio (origen, disensi\u00f3n mente-cuerpo, naturaleza, sociedad, historia, personalidad, moral) adquieren, remozados, un norte y alcance nuevos.  el discurso zubiriano se explana en cuatro cap\u00edtulos; con ellos queda esclarecido el objeto filos\u00f3fico; que se incluye en los restantes sin ser hom\u00f3logo de ninguno, mostrando la reciprocidad inexcusable y virtual amplitud de los planos talitativo y trascendental.<\/p>\n<p>&nbsp;<\/p>\n<h3>Datos acad\u00e9micos de la tesis doctoral \u00ab<strong>Talidad y trascendentalidad en xavier zubiri.<\/strong>\u00ab<\/h3>\n<ul>\n<li><strong>T\u00edtulo de la tesis:<\/strong>\u00a0 Talidad y trascendentalidad en xavier zubiri. <\/li>\n<li><strong>Autor:<\/strong>\u00a0  Henares Lopez Jos\u00e9 Manuel <\/li>\n<li><strong>Universidad:<\/strong>\u00a0 M\u00e1laga<\/li>\n<li><strong>Fecha de lectura de la tesis:<\/strong>\u00a0 01\/01\/1998<\/li>\n<\/ul>\n<p>&nbsp;<\/p>\n<h3>Direcci\u00f3n y tribunal<\/h3>\n<ul>\n<li><strong>Director de la tesis<\/strong>\n<ul>\n<li>Gregorio Gomez Cambres<\/li>\n<\/ul>\n<\/li>\n<li><strong>Tribunal<\/strong>\n<ul>\n<li>Presidente del tribunal: Juan  Fernando Ortega Mu\u00f1oz <\/li>\n<li>Lourdes Gordillo Alvarez Valdes (vocal)<\/li>\n<li>Antonio Jim\u00e9nez Garc\u00eda (vocal)<\/li>\n<li>Juan a Sanchez Gey Venegas (vocal)<\/li>\n<\/ul>\n<\/li>\n<\/ul>\n<p>&nbsp;<\/p>\n","protected":false},"excerpt":{"rendered":"<p>Tesis doctoral de Henares Lopez Jos\u00e9 Manuel La tesis est\u00e1 consagrada a la tem\u00e1tica conjunta e indivisa de la talidad [&hellip;]<\/p>\n","protected":false},"author":1,"featured_media":0,"comment_status":"open","ping_status":"open","sticky":false,"template":"","format":"standard","meta":{"site-sidebar-layout":"default","site-content-layout":"","ast-site-content-layout":"","site-content-style":"default","site-sidebar-style":"default","ast-global-header-display":"","ast-banner-title-visibility":"","ast-main-header-display":"","ast-hfb-above-header-display":"","ast-hfb-below-header-display":"","ast-hfb-mobile-header-display":"","site-post-title":"","ast-breadcrumbs-content":"","ast-featured-img":"","footer-sml-layout":"","theme-transparent-header-meta":"","adv-header-id-meta":"","stick-header-meta":"","header-above-stick-meta":"","header-main-stick-meta":"","header-below-stick-meta":"","astra-migrate-meta-layouts":"default","ast-page-background-enabled":"default","ast-page-background-meta":{"desktop":{"background-color":"var(--ast-global-color-4)","background-image":"","background-repeat":"repeat","background-position":"center center","background-size":"auto","background-attachment":"scroll","background-type":"","background-media":"","overlay-type":"","overlay-color":"","overlay-gradient":""},"tablet":{"background-color":"","background-image":"","background-repeat":"repeat","background-position":"center center","background-size":"auto","background-attachment":"scroll","background-type":"","background-media":"","overlay-type":"","overlay-color":"","overlay-gradient":""},"mobile":{"background-color":"","background-image":"","background-repeat":"repeat","background-position":"center center","background-size":"auto","background-attachment":"scroll","background-type":"","background-media":"","overlay-type":"","overlay-color":"","overlay-gradient":""}},"ast-content-background-meta":{"desktop":{"background-color":"var(--ast-global-color-5)","background-image":"","background-repeat":"repeat","background-position":"center center","background-size":"auto","background-attachment":"scroll","background-type":"","background-media":"","overlay-type":"","overlay-color":"","overlay-gradient":""},"tablet":{"background-color":"var(--ast-global-color-5)","background-image":"","background-repeat":"repeat","background-position":"center center","background-size":"auto","background-attachment":"scroll","background-type":"","background-media":"","overlay-type":"","overlay-color":"","overlay-gradient":""},"mobile":{"background-color":"var(--ast-global-color-5)","background-image":"","background-repeat":"repeat","background-position":"center center","background-size":"auto","background-attachment":"scroll","background-type":"","background-media":"","overlay-type":"","overlay-color":"","overlay-gradient":""}},"footnotes":""},"categories":[165,8535,7834,990],"tags":[1837,24776,93544,44192,11174,8654],"class_list":["post-34807","post","type-post","status-publish","format-standard","hentry","category-filosofia","category-filosofia-actual","category-malaga","category-sistemas-filosoficos","tag-antonio-jimenez-garcia","tag-gregorio-gomez-cambres","tag-henares-lopez-jose-manuel","tag-juan-a-sanchez-gey-venegas","tag-juan-fernando-ortega-munoz","tag-lourdes-gordillo-alvarez-valdes"],"_links":{"self":[{"href":"https:\/\/www.deberes.net\/tesis\/wp-json\/wp\/v2\/posts\/34807","targetHints":{"allow":["GET"]}}],"collection":[{"href":"https:\/\/www.deberes.net\/tesis\/wp-json\/wp\/v2\/posts"}],"about":[{"href":"https:\/\/www.deberes.net\/tesis\/wp-json\/wp\/v2\/types\/post"}],"author":[{"embeddable":true,"href":"https:\/\/www.deberes.net\/tesis\/wp-json\/wp\/v2\/users\/1"}],"replies":[{"embeddable":true,"href":"https:\/\/www.deberes.net\/tesis\/wp-json\/wp\/v2\/comments?post=34807"}],"version-history":[{"count":0,"href":"https:\/\/www.deberes.net\/tesis\/wp-json\/wp\/v2\/posts\/34807\/revisions"}],"wp:attachment":[{"href":"https:\/\/www.deberes.net\/tesis\/wp-json\/wp\/v2\/media?parent=34807"}],"wp:term":[{"taxonomy":"category","embeddable":true,"href":"https:\/\/www.deberes.net\/tesis\/wp-json\/wp\/v2\/categories?post=34807"},{"taxonomy":"post_tag","embeddable":true,"href":"https:\/\/www.deberes.net\/tesis\/wp-json\/wp\/v2\/tags?post=34807"}],"curies":[{"name":"wp","href":"https:\/\/api.w.org\/{rel}","templated":true}]}}