{"id":34824,"date":"1998-01-01T00:00:00","date_gmt":"1998-01-01T00:00:00","guid":{"rendered":"https:\/\/www.deberes.net\/tesis\/sin-categoria\/factores-predictores-de-mortalidad-precoz-en-una-poblacion-institucionalizada\/"},"modified":"1998-01-01T00:00:00","modified_gmt":"1998-01-01T00:00:00","slug":"factores-predictores-de-mortalidad-precoz-en-una-poblacion-institucionalizada","status":"publish","type":"post","link":"https:\/\/www.deberes.net\/tesis\/ciencias-medicas\/factores-predictores-de-mortalidad-precoz-en-una-poblacion-institucionalizada\/","title":{"rendered":"Factores predictores de mortalidad precoz en una poblacion institucionalizada."},"content":{"rendered":"<h2>Tesis doctoral de <strong> Julio Martinez Gonzalez <\/strong><\/h2>\n<p>El objetivo principal de este estudio es determinar los factores predictores de mortalidad precoz en una muestra de pacientes seniles de un servicio hospitalario y establecer un modelo predictivo a corto plazo, construido a partir de variables que se puedan obtener de modo rutinario. Se incluyeron en la muestra todos los pacientes ingresados en el servicio de medicina interna del complejo hospitalario carlos haya de m\u00e1laga, entre el 1\/11\/96 y el 1\/5\/97, con una edad superior a 65 a\u00f1os y una estancia no inferior a 48 horas.  se valoraron datos relativos a los siguientes apartados:  filiaci\u00f3n, estado de salud, estado mental, actividad f\u00edsica, valoraci\u00f3n social, estado nutricional, gravedad.  el modelo predictivo de mortalidad precoz se estructura en base a los siguientes factores pron\u00f3stico: nutrici\u00f3n, comorbilidades y complicaciones nosocomiales. Tanto el modelo principal como los modelos alternativos \u00abecon\u00f3micos\u00bb presentaron una excelente bondad de ajuste y un alto grado de discriminaci\u00f3n para la predicci\u00f3n de la mortalidad precoz en ancianos institucionalizados.<\/p>\n<p>&nbsp;<\/p>\n<h3>Datos acad\u00e9micos de la tesis doctoral \u00ab<strong>Factores predictores de mortalidad precoz en una poblacion institucionalizada.<\/strong>\u00ab<\/h3>\n<ul>\n<li><strong>T\u00edtulo de la tesis:<\/strong>\u00a0 Factores predictores de mortalidad precoz en una poblacion institucionalizada. <\/li>\n<li><strong>Autor:<\/strong>\u00a0 Julio Martinez Gonzalez <\/li>\n<li><strong>Universidad:<\/strong>\u00a0 M\u00e1laga<\/li>\n<li><strong>Fecha de lectura de la tesis:<\/strong>\u00a0 01\/01\/1998<\/li>\n<\/ul>\n<p>&nbsp;<\/p>\n<h3>Direcci\u00f3n y tribunal<\/h3>\n<ul>\n<li><strong>Director de la tesis<\/strong>\n<ul>\n<li>crehuet Navajas Fern\u00e1ndez<\/li>\n<\/ul>\n<\/li>\n<li><strong>Tribunal<\/strong>\n<ul>\n<li>Presidente del tribunal: Vicente Dom\u00ednguez Rojas <\/li>\n<li>Jos\u00e9 Angel Aguirre Gomez (vocal)<\/li>\n<li>Enrique Gomez Gracia (vocal)<\/li>\n<li> Miranda Leon M. Teresa (vocal)<\/li>\n<\/ul>\n<\/li>\n<\/ul>\n<p>&nbsp;<\/p>\n","protected":false},"excerpt":{"rendered":"<p>Tesis doctoral de Julio Martinez Gonzalez El objetivo principal de este estudio es determinar los factores predictores de mortalidad precoz [&hellip;]<\/p>\n","protected":false},"author":1,"featured_media":0,"comment_status":"open","ping_status":"open","sticky":false,"template":"","format":"standard","meta":{"site-sidebar-layout":"default","site-content-layout":"","ast-site-content-layout":"","site-content-style":"default","site-sidebar-style":"default","ast-global-header-display":"","ast-banner-title-visibility":"","ast-main-header-display":"","ast-hfb-above-header-display":"","ast-hfb-below-header-display":"","ast-hfb-mobile-header-display":"","site-post-title":"","ast-breadcrumbs-content":"","ast-featured-img":"","footer-sml-layout":"","theme-transparent-header-meta":"","adv-header-id-meta":"","stick-header-meta":"","header-above-stick-meta":"","header-main-stick-meta":"","header-below-stick-meta":"","astra-migrate-meta-layouts":"default","ast-page-background-enabled":"default","ast-page-background-meta":{"desktop":{"background-color":"var(--ast-global-color-4)","background-image":"","background-repeat":"repeat","background-position":"center center","background-size":"auto","background-attachment":"scroll","background-type":"","background-media":"","overlay-type":"","overlay-color":"","overlay-gradient":""},"tablet":{"background-color":"","background-image":"","background-repeat":"repeat","background-position":"center center","background-size":"auto","background-attachment":"scroll","background-type":"","background-media":"","overlay-type":"","overlay-color":"","overlay-gradient":""},"mobile":{"background-color":"","background-image":"","background-repeat":"repeat","background-position":"center center","background-size":"auto","background-attachment":"scroll","background-type":"","background-media":"","overlay-type":"","overlay-color":"","overlay-gradient":""}},"ast-content-background-meta":{"desktop":{"background-color":"var(--ast-global-color-5)","background-image":"","background-repeat":"repeat","background-position":"center center","background-size":"auto","background-attachment":"scroll","background-type":"","background-media":"","overlay-type":"","overlay-color":"","overlay-gradient":""},"tablet":{"background-color":"var(--ast-global-color-5)","background-image":"","background-repeat":"repeat","background-position":"center center","background-size":"auto","background-attachment":"scroll","background-type":"","background-media":"","overlay-type":"","overlay-color":"","overlay-gradient":""},"mobile":{"background-color":"var(--ast-global-color-5)","background-image":"","background-repeat":"repeat","background-position":"center center","background-size":"auto","background-attachment":"scroll","background-type":"","background-media":"","overlay-type":"","overlay-color":"","overlay-gradient":""}},"footnotes":""},"categories":[9,1086,7834,967],"tags":[7933,2222,8108,93576,35482,2687],"class_list":["post-34824","post","type-post","status-publish","format-standard","hentry","category-ciencias-medicas","category-epidemiologia","category-malaga","category-salud-publica","tag-crehuet-navajas-fernandez","tag-enrique-gomez-gracia","tag-jose-angel-aguirre-gomez","tag-julio-Martinez-gonzalez","tag-miranda-leon-m-teresa","tag-vicente-dominguez-rojas"],"_links":{"self":[{"href":"https:\/\/www.deberes.net\/tesis\/wp-json\/wp\/v2\/posts\/34824","targetHints":{"allow":["GET"]}}],"collection":[{"href":"https:\/\/www.deberes.net\/tesis\/wp-json\/wp\/v2\/posts"}],"about":[{"href":"https:\/\/www.deberes.net\/tesis\/wp-json\/wp\/v2\/types\/post"}],"author":[{"embeddable":true,"href":"https:\/\/www.deberes.net\/tesis\/wp-json\/wp\/v2\/users\/1"}],"replies":[{"embeddable":true,"href":"https:\/\/www.deberes.net\/tesis\/wp-json\/wp\/v2\/comments?post=34824"}],"version-history":[{"count":0,"href":"https:\/\/www.deberes.net\/tesis\/wp-json\/wp\/v2\/posts\/34824\/revisions"}],"wp:attachment":[{"href":"https:\/\/www.deberes.net\/tesis\/wp-json\/wp\/v2\/media?parent=34824"}],"wp:term":[{"taxonomy":"category","embeddable":true,"href":"https:\/\/www.deberes.net\/tesis\/wp-json\/wp\/v2\/categories?post=34824"},{"taxonomy":"post_tag","embeddable":true,"href":"https:\/\/www.deberes.net\/tesis\/wp-json\/wp\/v2\/tags?post=34824"}],"curies":[{"name":"wp","href":"https:\/\/api.w.org\/{rel}","templated":true}]}}