{"id":34829,"date":"1998-01-01T00:00:00","date_gmt":"1998-01-01T00:00:00","guid":{"rendered":"https:\/\/www.deberes.net\/tesis\/sin-categoria\/valoracion-de-la-ferritina-serica-en-mujeres-portadoras-de-d-i-u\/"},"modified":"1998-01-01T00:00:00","modified_gmt":"1998-01-01T00:00:00","slug":"valoracion-de-la-ferritina-serica-en-mujeres-portadoras-de-d-i-u","status":"publish","type":"post","link":"https:\/\/www.deberes.net\/tesis\/ciencias-medicas\/valoracion-de-la-ferritina-serica-en-mujeres-portadoras-de-d-i-u\/","title":{"rendered":"Valoracion de la ferritina serica en mujeres portadoras de d.i.u."},"content":{"rendered":"<h2>Tesis doctoral de <strong>  Montero Benitez Miguel Angel <\/strong><\/h2>\n<p>El estudio se realiz\u00f3 para conocer, si el cobre interfer\u00eda en el metabolismo del hierro y m\u00e1s concretamente, si una primoinserci\u00f3n de un d.I.U. De cobre, podr\u00eda modificar los valores de las reservas f\u00e9rricas del organismo.  de un total de 120 mujeres seleccionadas, en una consulta de planificaci\u00f3n familiar situada en los centros de salud de s. Pedro alc\u00e1ntara y marbella (malaga), se les realiz\u00f3, una primoinserci\u00f3n de un d.I.U. De cobre de tres modelos diferentes: nova t y t 200 cu con 200 mg. De superficie de exposici\u00f3n de cobre y el ml 375 cu con 375 mg. De superficie de cobre.  el estudio tuvo una duraci\u00f3n de dos a\u00f1os, realizando controles peri\u00f3dicos, cada seis meses, de an\u00e1lisis de sangre, para conocer sus efectos sobre las reservas f\u00e9rricas del organismo y m\u00e1s concretamente sobre la ferritina s\u00e9rica. Al final del mismo, se demostr\u00f3:  1).- Que existe un descenso o una bajada significativa de la ferritina s\u00e9rica, en mujeres portadoras de d.I.Us. De cobre.  2).- Que este descenso, est\u00e1 directamente relacionado en el tiempo y en la superficie de exposici\u00f3n de cobre de los d.I.Us.<\/p>\n<p>&nbsp;<\/p>\n<h3>Datos acad\u00e9micos de la tesis doctoral \u00ab<strong>Valoracion de la ferritina serica en mujeres portadoras de d.i.u.<\/strong>\u00ab<\/h3>\n<ul>\n<li><strong>T\u00edtulo de la tesis:<\/strong>\u00a0 Valoracion de la ferritina serica en mujeres portadoras de d.i.u. <\/li>\n<li><strong>Autor:<\/strong>\u00a0  Montero Benitez Miguel Angel <\/li>\n<li><strong>Universidad:<\/strong>\u00a0 M\u00e1laga<\/li>\n<li><strong>Fecha de lectura de la tesis:<\/strong>\u00a0 01\/01\/1998<\/li>\n<\/ul>\n<p>&nbsp;<\/p>\n<h3>Direcci\u00f3n y tribunal<\/h3>\n<ul>\n<li><strong>Director de la tesis<\/strong>\n<ul>\n<li>Miguel Morell Oca\u00f1a<\/li>\n<\/ul>\n<\/li>\n<li><strong>Tribunal<\/strong>\n<ul>\n<li>Presidente del tribunal: Juan Oca\u00f1a Sierra <\/li>\n<li>J. Fernandez Fernandez (vocal)<\/li>\n<li>J. Luque Martin (vocal)<\/li>\n<li>Manuel Mu\u00f1oz Gomez (vocal)<\/li>\n<\/ul>\n<\/li>\n<\/ul>\n<p>&nbsp;<\/p>\n","protected":false},"excerpt":{"rendered":"<p>Tesis doctoral de Montero Benitez Miguel Angel El estudio se realiz\u00f3 para conocer, si el cobre interfer\u00eda en el metabolismo [&hellip;]<\/p>\n","protected":false},"author":1,"featured_media":0,"comment_status":"open","ping_status":"open","sticky":false,"template":"","format":"standard","meta":{"site-sidebar-layout":"default","site-content-layout":"","ast-site-content-layout":"","site-content-style":"default","site-sidebar-style":"default","ast-global-header-display":"","ast-banner-title-visibility":"","ast-main-header-display":"","ast-hfb-above-header-display":"","ast-hfb-below-header-display":"","ast-hfb-mobile-header-display":"","site-post-title":"","ast-breadcrumbs-content":"","ast-featured-img":"","footer-sml-layout":"","theme-transparent-header-meta":"","adv-header-id-meta":"","stick-header-meta":"","header-above-stick-meta":"","header-main-stick-meta":"","header-below-stick-meta":"","astra-migrate-meta-layouts":"default","ast-page-background-enabled":"default","ast-page-background-meta":{"desktop":{"background-color":"var(--ast-global-color-4)","background-image":"","background-repeat":"repeat","background-position":"center center","background-size":"auto","background-attachment":"scroll","background-type":"","background-media":"","overlay-type":"","overlay-color":"","overlay-gradient":""},"tablet":{"background-color":"","background-image":"","background-repeat":"repeat","background-position":"center center","background-size":"auto","background-attachment":"scroll","background-type":"","background-media":"","overlay-type":"","overlay-color":"","overlay-gradient":""},"mobile":{"background-color":"","background-image":"","background-repeat":"repeat","background-position":"center center","background-size":"auto","background-attachment":"scroll","background-type":"","background-media":"","overlay-type":"","overlay-color":"","overlay-gradient":""}},"ast-content-background-meta":{"desktop":{"background-color":"var(--ast-global-color-5)","background-image":"","background-repeat":"repeat","background-position":"center center","background-size":"auto","background-attachment":"scroll","background-type":"","background-media":"","overlay-type":"","overlay-color":"","overlay-gradient":""},"tablet":{"background-color":"var(--ast-global-color-5)","background-image":"","background-repeat":"repeat","background-position":"center center","background-size":"auto","background-attachment":"scroll","background-type":"","background-media":"","overlay-type":"","overlay-color":"","overlay-gradient":""},"mobile":{"background-color":"var(--ast-global-color-5)","background-image":"","background-repeat":"repeat","background-position":"center center","background-size":"auto","background-attachment":"scroll","background-type":"","background-media":"","overlay-type":"","overlay-color":"","overlay-gradient":""}},"footnotes":""},"categories":[160,155,9,135,7834,257,17],"tags":[93584,93585,1724,42926,2167,93583],"class_list":["post-34829","post","type-post","status-publish","format-standard","hentry","category-bioquimica","category-ciencias-clinicas","category-ciencias-medicas","category-ginecologia","category-malaga","category-metabolismo-intermediario","category-quimica","tag-j-fernandez-fernandez","tag-j-luque-martin","tag-juan-ocana-sierra","tag-manuel-munoz-gomez","tag-miguel-morell-ocana","tag-montero-benitez-miguel-angel"],"_links":{"self":[{"href":"https:\/\/www.deberes.net\/tesis\/wp-json\/wp\/v2\/posts\/34829","targetHints":{"allow":["GET"]}}],"collection":[{"href":"https:\/\/www.deberes.net\/tesis\/wp-json\/wp\/v2\/posts"}],"about":[{"href":"https:\/\/www.deberes.net\/tesis\/wp-json\/wp\/v2\/types\/post"}],"author":[{"embeddable":true,"href":"https:\/\/www.deberes.net\/tesis\/wp-json\/wp\/v2\/users\/1"}],"replies":[{"embeddable":true,"href":"https:\/\/www.deberes.net\/tesis\/wp-json\/wp\/v2\/comments?post=34829"}],"version-history":[{"count":0,"href":"https:\/\/www.deberes.net\/tesis\/wp-json\/wp\/v2\/posts\/34829\/revisions"}],"wp:attachment":[{"href":"https:\/\/www.deberes.net\/tesis\/wp-json\/wp\/v2\/media?parent=34829"}],"wp:term":[{"taxonomy":"category","embeddable":true,"href":"https:\/\/www.deberes.net\/tesis\/wp-json\/wp\/v2\/categories?post=34829"},{"taxonomy":"post_tag","embeddable":true,"href":"https:\/\/www.deberes.net\/tesis\/wp-json\/wp\/v2\/tags?post=34829"}],"curies":[{"name":"wp","href":"https:\/\/api.w.org\/{rel}","templated":true}]}}