{"id":34831,"date":"1998-01-01T00:00:00","date_gmt":"1998-01-01T00:00:00","guid":{"rendered":"https:\/\/www.deberes.net\/tesis\/sin-categoria\/la-administracion-del-convenio-colectivo\/"},"modified":"1998-01-01T00:00:00","modified_gmt":"1998-01-01T00:00:00","slug":"la-administracion-del-convenio-colectivo","status":"publish","type":"post","link":"https:\/\/www.deberes.net\/tesis\/ciencias-juridicas-y-derecho\/la-administracion-del-convenio-colectivo\/","title":{"rendered":"La administracion del convenio colectivo."},"content":{"rendered":"<h2>Tesis doctoral de <strong>  Morales Ortega Jos\u00e9 Manuel <\/strong><\/h2>\n<p>La administraci\u00f3n del convenio colectivo toma como punto de partida necesario e imprescindible, el origen contractual del convenio, cuya revitalizaci\u00f3n concede un papel privilegiado y protagonista a sus firmantes durante el per\u00edodo de vigencia de sus acuerdos. Dicha g\u00e9nesis condiciona la fisonom\u00eda del acuerdo y delimita el margen de disponibilidad de los pactantes. Este margen de disponibilidad permite definir la administraci\u00f3n convencional como el conjunto de actividades, que comprometen un contenido negociador, realizadas por los firmantes durante la vigencia de sus acuerdos y que, amparadas en el oportuno acto de delegaci\u00f3n, aseguran la gesti\u00f3n y perfeccionamiento de sus acuerdos colectivos.  con ella, como manifestaci\u00f3n del derecho a la negociaci\u00f3n colectiva se garantiza que el convenio colectivo, sin verse alterado en su naturaleza y eficacia jur\u00eddica, se vaya adaptando y haciendo permeable a la realidad social para la que ha sido creado. Por tanto, con la administraci\u00f3n convencional se obtiene el continuo perfeccionamiento del convenio colectivo, y con \u00e9l, el del entero proceso negociador.<\/p>\n<p>&nbsp;<\/p>\n<h3>Datos acad\u00e9micos de la tesis doctoral \u00ab<strong>La administracion del convenio colectivo.<\/strong>\u00ab<\/h3>\n<ul>\n<li><strong>T\u00edtulo de la tesis:<\/strong>\u00a0 La administracion del convenio colectivo. <\/li>\n<li><strong>Autor:<\/strong>\u00a0  Morales Ortega Jos\u00e9 Manuel <\/li>\n<li><strong>Universidad:<\/strong>\u00a0 M\u00e1laga<\/li>\n<li><strong>Fecha de lectura de la tesis:<\/strong>\u00a0 01\/01\/1998<\/li>\n<\/ul>\n<p>&nbsp;<\/p>\n<h3>Direcci\u00f3n y tribunal<\/h3>\n<ul>\n<li><strong>Director de la tesis<\/strong>\n<ul>\n<li> Fernandez Lopez M. Fernanda<\/li>\n<\/ul>\n<\/li>\n<li><strong>Tribunal<\/strong>\n<ul>\n<li>Presidente del tribunal: Miguel Rodriguez Pi\u00f1ero Bravo Ferrer <\/li>\n<li>Jos\u00e9 Luis Monereo Perez (vocal)<\/li>\n<li>Manuel Ramon Alarcon Caracuel (vocal)<\/li>\n<li>Jos\u00e9 Vida Soria (vocal)<\/li>\n<\/ul>\n<\/li>\n<\/ul>\n<p>&nbsp;<\/p>\n","protected":false},"excerpt":{"rendered":"<p>Tesis doctoral de Morales Ortega Jos\u00e9 Manuel La administraci\u00f3n del convenio colectivo toma como punto de partida necesario e imprescindible, [&hellip;]<\/p>\n","protected":false},"author":1,"featured_media":0,"comment_status":"open","ping_status":"open","sticky":false,"template":"","format":"standard","meta":{"site-sidebar-layout":"default","site-content-layout":"","ast-site-content-layout":"","site-content-style":"default","site-sidebar-style":"default","ast-global-header-display":"","ast-banner-title-visibility":"","ast-main-header-display":"","ast-hfb-above-header-display":"","ast-hfb-below-header-display":"","ast-hfb-mobile-header-display":"","site-post-title":"","ast-breadcrumbs-content":"","ast-featured-img":"","footer-sml-layout":"","theme-transparent-header-meta":"","adv-header-id-meta":"","stick-header-meta":"","header-above-stick-meta":"","header-main-stick-meta":"","header-below-stick-meta":"","astra-migrate-meta-layouts":"default","ast-page-background-enabled":"default","ast-page-background-meta":{"desktop":{"background-color":"var(--ast-global-color-4)","background-image":"","background-repeat":"repeat","background-position":"center center","background-size":"auto","background-attachment":"scroll","background-type":"","background-media":"","overlay-type":"","overlay-color":"","overlay-gradient":""},"tablet":{"background-color":"","background-image":"","background-repeat":"repeat","background-position":"center center","background-size":"auto","background-attachment":"scroll","background-type":"","background-media":"","overlay-type":"","overlay-color":"","overlay-gradient":""},"mobile":{"background-color":"","background-image":"","background-repeat":"repeat","background-position":"center center","background-size":"auto","background-attachment":"scroll","background-type":"","background-media":"","overlay-type":"","overlay-color":"","overlay-gradient":""}},"ast-content-background-meta":{"desktop":{"background-color":"var(--ast-global-color-5)","background-image":"","background-repeat":"repeat","background-position":"center center","background-size":"auto","background-attachment":"scroll","background-type":"","background-media":"","overlay-type":"","overlay-color":"","overlay-gradient":""},"tablet":{"background-color":"var(--ast-global-color-5)","background-image":"","background-repeat":"repeat","background-position":"center center","background-size":"auto","background-attachment":"scroll","background-type":"","background-media":"","overlay-type":"","overlay-color":"","overlay-gradient":""},"mobile":{"background-color":"var(--ast-global-color-5)","background-image":"","background-repeat":"repeat","background-position":"center center","background-size":"auto","background-attachment":"scroll","background-type":"","background-media":"","overlay-type":"","overlay-color":"","overlay-gradient":""}},"footnotes":""},"categories":[612,2170,979,7834],"tags":[18487,28783,3700,13967,3701,93588],"class_list":["post-34831","post","type-post","status-publish","format-standard","hentry","category-ciencias-juridicas-y-derecho","category-derecho-del-trabajo-y-de-la-seguridad-social","category-derecho-y-legislacion-nacionales","category-malaga","tag-fernandez-lopez-m-fernanda","tag-jose-luis-monereo-perez","tag-jose-vida-soria","tag-manuel-ramon-alarcon-caracuel","tag-miguel-rodriguez-pinero-bravo-ferrer","tag-morales-ortega-jose-manuel"],"_links":{"self":[{"href":"https:\/\/www.deberes.net\/tesis\/wp-json\/wp\/v2\/posts\/34831","targetHints":{"allow":["GET"]}}],"collection":[{"href":"https:\/\/www.deberes.net\/tesis\/wp-json\/wp\/v2\/posts"}],"about":[{"href":"https:\/\/www.deberes.net\/tesis\/wp-json\/wp\/v2\/types\/post"}],"author":[{"embeddable":true,"href":"https:\/\/www.deberes.net\/tesis\/wp-json\/wp\/v2\/users\/1"}],"replies":[{"embeddable":true,"href":"https:\/\/www.deberes.net\/tesis\/wp-json\/wp\/v2\/comments?post=34831"}],"version-history":[{"count":0,"href":"https:\/\/www.deberes.net\/tesis\/wp-json\/wp\/v2\/posts\/34831\/revisions"}],"wp:attachment":[{"href":"https:\/\/www.deberes.net\/tesis\/wp-json\/wp\/v2\/media?parent=34831"}],"wp:term":[{"taxonomy":"category","embeddable":true,"href":"https:\/\/www.deberes.net\/tesis\/wp-json\/wp\/v2\/categories?post=34831"},{"taxonomy":"post_tag","embeddable":true,"href":"https:\/\/www.deberes.net\/tesis\/wp-json\/wp\/v2\/tags?post=34831"}],"curies":[{"name":"wp","href":"https:\/\/api.w.org\/{rel}","templated":true}]}}