{"id":34840,"date":"1998-01-01T00:00:00","date_gmt":"1998-01-01T00:00:00","guid":{"rendered":"https:\/\/www.deberes.net\/tesis\/sin-categoria\/globalizacion-e-innovacion-tecnologica-en-europa-diseno-de-una-politica-de-innovacion-y-desarrollo-tecnologico-regional\/"},"modified":"1998-01-01T00:00:00","modified_gmt":"1998-01-01T00:00:00","slug":"globalizacion-e-innovacion-tecnologica-en-europa-diseno-de-una-politica-de-innovacion-y-desarrollo-tecnologico-regional","status":"publish","type":"post","link":"https:\/\/www.deberes.net\/tesis\/ciencias-economicas\/globalizacion-e-innovacion-tecnologica-en-europa-diseno-de-una-politica-de-innovacion-y-desarrollo-tecnologico-regional\/","title":{"rendered":"Globalizacion e innovacion tecnologica en europa. dise\u00f1o de una politica de innovacion y desarrollo tecnologico regional."},"content":{"rendered":"<h2>Tesis doctoral de <strong> Pablo Podadera Rivera <\/strong><\/h2>\n<p>El contexto de globalizaci\u00f3n econ\u00f3mica y social en el que hoy se desarrollan las diferentes pol\u00edticas de los distintos pa\u00edses miembros de la u.E., Ha orientado a la acci\u00f3n p\u00fablica a impulsar la competitividad internacional de los bienes y servicios que cada uno de estos pa\u00edses pueden ofrecer de la manera m\u00e1s eficiente posible. Esta nueva orientaci\u00f3n ha conllevado a la preocupaci\u00f3n por la innovaci\u00f3n tecnol\u00f3gica del tejido productivo local, regional, nacional y comunitario, sin que a\u00fan haya una gran experiencia sobre las mejores f\u00f3rmulas de \u00abpolicy marking\u00bb en este terreno.  en este sentido, el presente trabajo se inscribe dentro del conjunto de estudios que, tomando como referencia la globalizaci\u00f3n econ\u00f3mica, desde el enfoque regional, destacan la importancia de la innovaci\u00f3n y el cambio tecnol\u00f3gico, en base a la necesidad de la formulaci\u00f3n de estrategias innovadoras, ligadas a los requerimientos del mercado y concretamente del sistema productivo, como ejes fundamentales del cambio estructural y del desarrollo econ\u00f3mico y como pilares de la competitividad empresarial en el nuevo mercado globalizado.  los objetivos perseguidos con esta investigaci\u00f3n pueden reunirse en una doble vertiente: por un lado, a partir del an\u00e1lisis de los esquemas tradicionales del proceso de innovaci\u00f3n, entendido como un proceso de utilizaci\u00f3n, aplicaci\u00f3n y transformaci\u00f3n de conocimientos cient\u00edficos para resolver problemas concretos, formular un modelo de innovaci\u00f3n, que escape al cl\u00e1sico esquema lineal (investigaci\u00f3n b\u00e1sica-investigaci\u00f3n aplicada-desarrollo tecnol\u00f3gico-comercializaci\u00f3n) y que persiga el mayor grado posible de adecuaci\u00f3n de la oferta y la demanda tecnol\u00f3gica regional. En segundo lugar, tomando como soporte te\u00f3rico dicho modelo y analizando los datos disponibles, tanto a nivel nacional, por comunidades aut\u00f3nomas, como de la comunidad europea, poder ofrecer las orientaciones para el dise\u00f1o de una pol\u00ed<\/p>\n<p>&nbsp;<\/p>\n<h3>Datos acad\u00e9micos de la tesis doctoral \u00ab<strong>Globalizacion e innovacion tecnologica en europa. dise\u00f1o de una politica de innovacion y desarrollo tecnologico regional.<\/strong>\u00ab<\/h3>\n<ul>\n<li><strong>T\u00edtulo de la tesis:<\/strong>\u00a0 Globalizacion e innovacion tecnologica en europa. dise\u00f1o de una politica de innovacion y desarrollo tecnologico regional. <\/li>\n<li><strong>Autor:<\/strong>\u00a0 Pablo Podadera Rivera <\/li>\n<li><strong>Universidad:<\/strong>\u00a0 M\u00e1laga<\/li>\n<li><strong>Fecha de lectura de la tesis:<\/strong>\u00a0 01\/01\/1998<\/li>\n<\/ul>\n<p>&nbsp;<\/p>\n<h3>Direcci\u00f3n y tribunal<\/h3>\n<ul>\n<li><strong>Director de la tesis<\/strong>\n<ul>\n<li>Cristina Blasco Vizcaino<\/li>\n<\/ul>\n<\/li>\n<li><strong>Tribunal<\/strong>\n<ul>\n<li>Presidente del tribunal: Juan  Ramon Cuadrado Roura <\/li>\n<li>Jos\u00e9 Villena Pe\u00f1a (vocal)<\/li>\n<li>Mikel Landabaso Alvarez (vocal)<\/li>\n<li>  (vocal)<\/li>\n<\/ul>\n<\/li>\n<\/ul>\n<p>&nbsp;<\/p>\n","protected":false},"excerpt":{"rendered":"<p>Tesis doctoral de Pablo Podadera Rivera El contexto de globalizaci\u00f3n econ\u00f3mica y social en el que hoy se desarrollan las [&hellip;]<\/p>\n","protected":false},"author":1,"featured_media":0,"comment_status":"open","ping_status":"open","sticky":false,"template":"","format":"standard","meta":{"site-sidebar-layout":"default","site-content-layout":"","ast-site-content-layout":"","site-content-style":"default","site-sidebar-style":"default","ast-global-header-display":"","ast-banner-title-visibility":"","ast-main-header-display":"","ast-hfb-above-header-display":"","ast-hfb-below-header-display":"","ast-hfb-mobile-header-display":"","site-post-title":"","ast-breadcrumbs-content":"","ast-featured-img":"","footer-sml-layout":"","theme-transparent-header-meta":"","adv-header-id-meta":"","stick-header-meta":"","header-above-stick-meta":"","header-main-stick-meta":"","header-below-stick-meta":"","astra-migrate-meta-layouts":"default","ast-page-background-enabled":"default","ast-page-background-meta":{"desktop":{"background-color":"var(--ast-global-color-4)","background-image":"","background-repeat":"repeat","background-position":"center center","background-size":"auto","background-attachment":"scroll","background-type":"","background-media":"","overlay-type":"","overlay-color":"","overlay-gradient":""},"tablet":{"background-color":"","background-image":"","background-repeat":"repeat","background-position":"center center","background-size":"auto","background-attachment":"scroll","background-type":"","background-media":"","overlay-type":"","overlay-color":"","overlay-gradient":""},"mobile":{"background-color":"","background-image":"","background-repeat":"repeat","background-position":"center center","background-size":"auto","background-attachment":"scroll","background-type":"","background-media":"","overlay-type":"","overlay-color":"","overlay-gradient":""}},"ast-content-background-meta":{"desktop":{"background-color":"var(--ast-global-color-5)","background-image":"","background-repeat":"repeat","background-position":"center center","background-size":"auto","background-attachment":"scroll","background-type":"","background-media":"","overlay-type":"","overlay-color":"","overlay-gradient":""},"tablet":{"background-color":"var(--ast-global-color-5)","background-image":"","background-repeat":"repeat","background-position":"center center","background-size":"auto","background-attachment":"scroll","background-type":"","background-media":"","overlay-type":"","overlay-color":"","overlay-gradient":""},"mobile":{"background-color":"var(--ast-global-color-5)","background-image":"","background-repeat":"repeat","background-position":"center center","background-size":"auto","background-attachment":"scroll","background-type":"","background-media":"","overlay-type":"","overlay-color":"","overlay-gradient":""}},"footnotes":""},"categories":[82,836,991,7834,2825],"tags":[93603,7995,11760,28280,93602],"class_list":["post-34840","post","type-post","status-publish","format-standard","hentry","category-ciencias-economicas","category-economia-del-cambio-tecnologico","category-innovacion-tecnologica","category-malaga","category-organizacion-industrial-y-sector-publico","tag-cristina-blasco-vizcaino","tag-jose-villena-pena","tag-juan-ramon-cuadrado-roura","tag-mikel-landabaso-alvarez","tag-pablo-podadera-rivera"],"_links":{"self":[{"href":"https:\/\/www.deberes.net\/tesis\/wp-json\/wp\/v2\/posts\/34840","targetHints":{"allow":["GET"]}}],"collection":[{"href":"https:\/\/www.deberes.net\/tesis\/wp-json\/wp\/v2\/posts"}],"about":[{"href":"https:\/\/www.deberes.net\/tesis\/wp-json\/wp\/v2\/types\/post"}],"author":[{"embeddable":true,"href":"https:\/\/www.deberes.net\/tesis\/wp-json\/wp\/v2\/users\/1"}],"replies":[{"embeddable":true,"href":"https:\/\/www.deberes.net\/tesis\/wp-json\/wp\/v2\/comments?post=34840"}],"version-history":[{"count":0,"href":"https:\/\/www.deberes.net\/tesis\/wp-json\/wp\/v2\/posts\/34840\/revisions"}],"wp:attachment":[{"href":"https:\/\/www.deberes.net\/tesis\/wp-json\/wp\/v2\/media?parent=34840"}],"wp:term":[{"taxonomy":"category","embeddable":true,"href":"https:\/\/www.deberes.net\/tesis\/wp-json\/wp\/v2\/categories?post=34840"},{"taxonomy":"post_tag","embeddable":true,"href":"https:\/\/www.deberes.net\/tesis\/wp-json\/wp\/v2\/tags?post=34840"}],"curies":[{"name":"wp","href":"https:\/\/api.w.org\/{rel}","templated":true}]}}