{"id":34952,"date":"1998-01-01T00:00:00","date_gmt":"1998-01-01T00:00:00","guid":{"rendered":"https:\/\/www.deberes.net\/tesis\/sin-categoria\/factores-clinicos-y-epidemiologicos-de-las-enfermedades-alergicas-en-la-region-de-murcia-durante-el-ano-1993\/"},"modified":"1998-01-01T00:00:00","modified_gmt":"1998-01-01T00:00:00","slug":"factores-clinicos-y-epidemiologicos-de-las-enfermedades-alergicas-en-la-region-de-murcia-durante-el-ano-1993","status":"publish","type":"post","link":"https:\/\/www.deberes.net\/tesis\/ciencias-medicas\/factores-clinicos-y-epidemiologicos-de-las-enfermedades-alergicas-en-la-region-de-murcia-durante-el-ano-1993\/","title":{"rendered":"Factores clinicos y epidemiologicos de las enfermedades alergicas en la region de murcia durante el a\u00f1o 1993."},"content":{"rendered":"<h2>Tesis doctoral de <strong> Antonio Nieto Sanchez <\/strong><\/h2>\n<p>Se trata de un estudio epidemiol\u00f3gico que abarca 588 pacientes, representando un 25% de todas las primeras visitas de los servicios de alergia pedi\u00e1trica y de adultos del hospital universitario \u00abvirgen de la arrixaca\u00bb. De los historiales de dichos enfermos se extrajeron datos acerca de su edad, sexo, poblaci\u00f3n, consumo alcohol y tabaco, n\u00famero de d\u00edas en atender, convivencia con animales, visitas a urgencias, hospitalizaciones, motivos de consulta, antecedentes familiares y personales, procedencia, pruebas diagn\u00f3sticas, diagn\u00f3stico, tratamiento, gravedad del proceso y estacionalidad del mismo.  se realiz\u00f3 una descripci\u00f3n general de los datos, utilizando m\u00e9todos estad\u00edsticos y se obtuvieron unos resultados, que debidamente discutidos, arrojan nueve conclusiones de inter\u00e9s epidemiol\u00f3gico.<\/p>\n<p>&nbsp;<\/p>\n<h3>Datos acad\u00e9micos de la tesis doctoral \u00ab<strong>Factores clinicos y epidemiologicos de las enfermedades alergicas en la region de murcia durante el a\u00f1o 1993.<\/strong>\u00ab<\/h3>\n<ul>\n<li><strong>T\u00edtulo de la tesis:<\/strong>\u00a0 Factores clinicos y epidemiologicos de las enfermedades alergicas en la region de murcia durante el a\u00f1o 1993. <\/li>\n<li><strong>Autor:<\/strong>\u00a0 Antonio Nieto Sanchez <\/li>\n<li><strong>Universidad:<\/strong>\u00a0 Murcia<\/li>\n<li><strong>Fecha de lectura de la tesis:<\/strong>\u00a0 01\/01\/1998<\/li>\n<\/ul>\n<p>&nbsp;<\/p>\n<h3>Direcci\u00f3n y tribunal<\/h3>\n<ul>\n<li><strong>Director de la tesis<\/strong>\n<ul>\n<li>Fernando S\u00e1nchez Gasc\u00f3n<\/li>\n<\/ul>\n<\/li>\n<li><strong>Tribunal<\/strong>\n<ul>\n<li>Presidente del tribunal: Enrique (secretario) Viviente Lopez <\/li>\n<li>Jaime Martinez Gonzalez-rio (vocal)<\/li>\n<li>Joaquin Gomez Gomez (vocal)<\/li>\n<li>  (vocal)<\/li>\n<\/ul>\n<\/li>\n<\/ul>\n<p>&nbsp;<\/p>\n","protected":false},"excerpt":{"rendered":"<p>Tesis doctoral de Antonio Nieto Sanchez Se trata de un estudio epidemiol\u00f3gico que abarca 588 pacientes, representando un 25% de [&hellip;]<\/p>\n","protected":false},"author":1,"featured_media":0,"comment_status":"open","ping_status":"open","sticky":false,"template":"","format":"standard","meta":{"site-sidebar-layout":"default","site-content-layout":"","ast-site-content-layout":"","site-content-style":"default","site-sidebar-style":"default","ast-global-header-display":"","ast-banner-title-visibility":"","ast-main-header-display":"","ast-hfb-above-header-display":"","ast-hfb-below-header-display":"","ast-hfb-mobile-header-display":"","site-post-title":"","ast-breadcrumbs-content":"","ast-featured-img":"","footer-sml-layout":"","theme-transparent-header-meta":"","adv-header-id-meta":"","stick-header-meta":"","header-above-stick-meta":"","header-main-stick-meta":"","header-below-stick-meta":"","astra-migrate-meta-layouts":"default","ast-page-background-enabled":"default","ast-page-background-meta":{"desktop":{"background-color":"var(--ast-global-color-4)","background-image":"","background-repeat":"repeat","background-position":"center center","background-size":"auto","background-attachment":"scroll","background-type":"","background-media":"","overlay-type":"","overlay-color":"","overlay-gradient":""},"tablet":{"background-color":"","background-image":"","background-repeat":"repeat","background-position":"center center","background-size":"auto","background-attachment":"scroll","background-type":"","background-media":"","overlay-type":"","overlay-color":"","overlay-gradient":""},"mobile":{"background-color":"","background-image":"","background-repeat":"repeat","background-position":"center center","background-size":"auto","background-attachment":"scroll","background-type":"","background-media":"","overlay-type":"","overlay-color":"","overlay-gradient":""}},"ast-content-background-meta":{"desktop":{"background-color":"var(--ast-global-color-5)","background-image":"","background-repeat":"repeat","background-position":"center center","background-size":"auto","background-attachment":"scroll","background-type":"","background-media":"","overlay-type":"","overlay-color":"","overlay-gradient":""},"tablet":{"background-color":"var(--ast-global-color-5)","background-image":"","background-repeat":"repeat","background-position":"center center","background-size":"auto","background-attachment":"scroll","background-type":"","background-media":"","overlay-type":"","overlay-color":"","overlay-gradient":""},"mobile":{"background-color":"var(--ast-global-color-5)","background-image":"","background-repeat":"repeat","background-position":"center center","background-size":"auto","background-attachment":"scroll","background-type":"","background-media":"","overlay-type":"","overlay-color":"","overlay-gradient":""}},"footnotes":""},"categories":[1957,9,1086,8235,156],"tags":[93775,93776,7468,3295,8322],"class_list":["post-34952","post","type-post","status-publish","format-standard","hentry","category-alergias","category-ciencias-medicas","category-epidemiologia","category-murcia","category-patologia","tag-antonio-nieto-sanchez","tag-enrique-secretario-viviente-lopez","tag-fernando-sanchez-gascon","tag-jaime-Martinez-gonzalez-rio","tag-joaquin-gomez-gomez"],"_links":{"self":[{"href":"https:\/\/www.deberes.net\/tesis\/wp-json\/wp\/v2\/posts\/34952","targetHints":{"allow":["GET"]}}],"collection":[{"href":"https:\/\/www.deberes.net\/tesis\/wp-json\/wp\/v2\/posts"}],"about":[{"href":"https:\/\/www.deberes.net\/tesis\/wp-json\/wp\/v2\/types\/post"}],"author":[{"embeddable":true,"href":"https:\/\/www.deberes.net\/tesis\/wp-json\/wp\/v2\/users\/1"}],"replies":[{"embeddable":true,"href":"https:\/\/www.deberes.net\/tesis\/wp-json\/wp\/v2\/comments?post=34952"}],"version-history":[{"count":0,"href":"https:\/\/www.deberes.net\/tesis\/wp-json\/wp\/v2\/posts\/34952\/revisions"}],"wp:attachment":[{"href":"https:\/\/www.deberes.net\/tesis\/wp-json\/wp\/v2\/media?parent=34952"}],"wp:term":[{"taxonomy":"category","embeddable":true,"href":"https:\/\/www.deberes.net\/tesis\/wp-json\/wp\/v2\/categories?post=34952"},{"taxonomy":"post_tag","embeddable":true,"href":"https:\/\/www.deberes.net\/tesis\/wp-json\/wp\/v2\/tags?post=34952"}],"curies":[{"name":"wp","href":"https:\/\/api.w.org\/{rel}","templated":true}]}}