{"id":34971,"date":"1998-01-01T00:00:00","date_gmt":"1998-01-01T00:00:00","guid":{"rendered":"https:\/\/www.deberes.net\/tesis\/sin-categoria\/espana-y-la-guerra-civil-en-portugal-1846-1847\/"},"modified":"1998-01-01T00:00:00","modified_gmt":"1998-01-01T00:00:00","slug":"espana-y-la-guerra-civil-en-portugal-1846-1847","status":"publish","type":"post","link":"https:\/\/www.deberes.net\/tesis\/historia\/espana-y-la-guerra-civil-en-portugal-1846-1847\/","title":{"rendered":"Espa\u00f1a y la guerra civil en portugal (1846-1847)."},"content":{"rendered":"<h2>Tesis doctoral de <strong> Cristobal Robles Jaen <\/strong><\/h2>\n<p>Esclarece las causas que determinaron por parte espa\u00f1ola la intervencion en portugal, asumiendo una politica internacional propia en momentos en que la cuadruple alianza facticamente habia dejado de existir. Determina a su vez la etiolog\u00eda del levantamiento popular lusitano del 46, la formacion de la junta de oporto, y las circunstancias que determinaron la solicitud de apoyo del conservadurismo portugues gobernante dirigida a sus homologos liberales espa\u00f1oles, los moderados, que desde dos a\u00f1os antes gobernaban en espa\u00f1a.  analiza la actitud que el gobierno espa\u00f1ol adopta ante la guerra civil que asola portugal en el bienio 1846-47, su acuerdo de intervenir militarmente, y las complejas implicaciones diplomaticas que conllevaron la aplicaci\u00f3n de tal acuerdo.  se estudia la actitud del reino unido y francia ante la crisis portuguesa y la posterior intervencion espa\u00f1ola, la morfolog\u00eda y balance de la revolucion progresista en portugal, el proceso de intervencion militar espa\u00f1ola, la negociacion hispano-brit\u00e1nica que encauza y limita el alcance de la intervencion espa\u00f1ola, y el desenlace de la intervencion de espa\u00f1a, la liquidacion de la crisis y el efecto de una y otra en las ulteriores relaciones hispano-lusitanas.<\/p>\n<p>&nbsp;<\/p>\n<h3>Datos acad\u00e9micos de la tesis doctoral \u00ab<strong>Espa\u00f1a y la guerra civil en portugal (1846-1847).<\/strong>\u00ab<\/h3>\n<ul>\n<li><strong>T\u00edtulo de la tesis:<\/strong>\u00a0 Espa\u00f1a y la guerra civil en portugal (1846-1847). <\/li>\n<li><strong>Autor:<\/strong>\u00a0 Cristobal Robles Jaen <\/li>\n<li><strong>Universidad:<\/strong>\u00a0 Murcia<\/li>\n<li><strong>Fecha de lectura de la tesis:<\/strong>\u00a0 01\/01\/1998<\/li>\n<\/ul>\n<p>&nbsp;<\/p>\n<h3>Direcci\u00f3n y tribunal<\/h3>\n<ul>\n<li><strong>Director de la tesis<\/strong>\n<ul>\n<li> Vilar Ramirez Juan  Bautista<\/li>\n<\/ul>\n<\/li>\n<li><strong>Tribunal<\/strong>\n<ul>\n<li>Presidente del tribunal: Jos\u00e9 Manuel Cuenca Toribio <\/li>\n<li>Crist\u00f3bal Garc\u00eda Montoro (vocal)<\/li>\n<li>Juan  Cristobal Gay Armenteros (vocal)<\/li>\n<li>Jos\u00e9 Urbano Martinez Carreras (vocal)<\/li>\n<\/ul>\n<\/li>\n<\/ul>\n<p>&nbsp;<\/p>\n","protected":false},"excerpt":{"rendered":"<p>Tesis doctoral de Cristobal Robles Jaen Esclarece las causas que determinaron por parte espa\u00f1ola la intervencion en portugal, asumiendo una [&hellip;]<\/p>\n","protected":false},"author":1,"featured_media":0,"comment_status":"open","ping_status":"open","sticky":false,"template":"","format":"standard","meta":{"site-sidebar-layout":"default","site-content-layout":"","ast-site-content-layout":"","site-content-style":"default","site-sidebar-style":"default","ast-global-header-display":"","ast-banner-title-visibility":"","ast-main-header-display":"","ast-hfb-above-header-display":"","ast-hfb-below-header-display":"","ast-hfb-mobile-header-display":"","site-post-title":"","ast-breadcrumbs-content":"","ast-featured-img":"","footer-sml-layout":"","theme-transparent-header-meta":"","adv-header-id-meta":"","stick-header-meta":"","header-above-stick-meta":"","header-main-stick-meta":"","header-below-stick-meta":"","astra-migrate-meta-layouts":"default","ast-page-background-enabled":"default","ast-page-background-meta":{"desktop":{"background-color":"var(--ast-global-color-4)","background-image":"","background-repeat":"repeat","background-position":"center center","background-size":"auto","background-attachment":"scroll","background-type":"","background-media":"","overlay-type":"","overlay-color":"","overlay-gradient":""},"tablet":{"background-color":"","background-image":"","background-repeat":"repeat","background-position":"center center","background-size":"auto","background-attachment":"scroll","background-type":"","background-media":"","overlay-type":"","overlay-color":"","overlay-gradient":""},"mobile":{"background-color":"","background-image":"","background-repeat":"repeat","background-position":"center center","background-size":"auto","background-attachment":"scroll","background-type":"","background-media":"","overlay-type":"","overlay-color":"","overlay-gradient":""}},"ast-content-background-meta":{"desktop":{"background-color":"var(--ast-global-color-5)","background-image":"","background-repeat":"repeat","background-position":"center center","background-size":"auto","background-attachment":"scroll","background-type":"","background-media":"","overlay-type":"","overlay-color":"","overlay-gradient":""},"tablet":{"background-color":"var(--ast-global-color-5)","background-image":"","background-repeat":"repeat","background-position":"center center","background-size":"auto","background-attachment":"scroll","background-type":"","background-media":"","overlay-type":"","overlay-color":"","overlay-gradient":""},"mobile":{"background-color":"var(--ast-global-color-5)","background-image":"","background-repeat":"repeat","background-position":"center center","background-size":"auto","background-attachment":"scroll","background-type":"","background-media":"","overlay-type":"","overlay-color":"","overlay-gradient":""}},"footnotes":""},"categories":[104,353,413,220,222,8235],"tags":[8128,93808,2226,4705,3544,14831],"class_list":["post-34971","post","type-post","status-publish","format-standard","hentry","category-historia","category-historia-contemporanea-del-area-europea","category-historia-de-la-guerra","category-historia-por-epocas","category-historias-especializadas","category-murcia","tag-cristobal-garcia-montoro","tag-cristobal-robles-jaen","tag-jose-manuel-cuenca-toribio","tag-jose-urbano-Martinez-carreras","tag-juan-cristobal-gay-armenteros","tag-vilar-ramirez-juan-bautista"],"_links":{"self":[{"href":"https:\/\/www.deberes.net\/tesis\/wp-json\/wp\/v2\/posts\/34971","targetHints":{"allow":["GET"]}}],"collection":[{"href":"https:\/\/www.deberes.net\/tesis\/wp-json\/wp\/v2\/posts"}],"about":[{"href":"https:\/\/www.deberes.net\/tesis\/wp-json\/wp\/v2\/types\/post"}],"author":[{"embeddable":true,"href":"https:\/\/www.deberes.net\/tesis\/wp-json\/wp\/v2\/users\/1"}],"replies":[{"embeddable":true,"href":"https:\/\/www.deberes.net\/tesis\/wp-json\/wp\/v2\/comments?post=34971"}],"version-history":[{"count":0,"href":"https:\/\/www.deberes.net\/tesis\/wp-json\/wp\/v2\/posts\/34971\/revisions"}],"wp:attachment":[{"href":"https:\/\/www.deberes.net\/tesis\/wp-json\/wp\/v2\/media?parent=34971"}],"wp:term":[{"taxonomy":"category","embeddable":true,"href":"https:\/\/www.deberes.net\/tesis\/wp-json\/wp\/v2\/categories?post=34971"},{"taxonomy":"post_tag","embeddable":true,"href":"https:\/\/www.deberes.net\/tesis\/wp-json\/wp\/v2\/tags?post=34971"}],"curies":[{"name":"wp","href":"https:\/\/api.w.org\/{rel}","templated":true}]}}