{"id":35009,"date":"1998-01-01T00:00:00","date_gmt":"1998-01-01T00:00:00","guid":{"rendered":"https:\/\/www.deberes.net\/tesis\/sin-categoria\/siyasa-poblamiento-y-arquitectura-de-un-hisn-de-sarq-al-andalus-siglos-xi-xiii\/"},"modified":"1998-01-01T00:00:00","modified_gmt":"1998-01-01T00:00:00","slug":"siyasa-poblamiento-y-arquitectura-de-un-hisn-de-sarq-al-andalus-siglos-xi-xiii","status":"publish","type":"post","link":"https:\/\/www.deberes.net\/tesis\/historia\/siyasa-poblamiento-y-arquitectura-de-un-hisn-de-sarq-al-andalus-siglos-xi-xiii\/","title":{"rendered":"Siyasa: poblamiento y arquitectura de un hisn de sarq al-andalus (siglos xi-xiii)."},"content":{"rendered":"<h2>Tesis doctoral de <strong> Julio Navarro Palaz\u00f3n <\/strong><\/h2>\n<p>Estudio hist\u00f3rico-arqueol\u00f3gico del territorio castral de siy\u00e1sa (cieza-murcia) durante los siglos xi-xiii. Se ha analizado su organizaci\u00f3n y evoluci\u00f3n durante la edad media, mediante la prospecci\u00f3n arqueol\u00f3gica, el an\u00e1lisis de los sistemas hidr\u00e1ulicos, la excavaci\u00f3n intensiva de un barrio de casas andalus\u00edes del poblado de altura y las fuentes escritas medievales \u00e1rabes y cristianas (ss. Xi-xiii).  las conclusiones obtenidas se pueden resumir en los siguientes puntos:  &#8211; siy\u00e1sa era el centro de un territorio castral que inicialmente debi\u00f3 depender de ricote y que alcanz\u00f3 su autonom\u00eda en el s. Xii. Consist\u00eda en un conjunto de alquer\u00edas de reducido tama\u00f1o, agrupadas en torno a un poblado fortificado que alcanz\u00f3 considerables dimensiones.  &#8211; su existencia est\u00e1 estrechamente vinculada a los espacios irrigados del enterno, especialmente a la explotaci\u00f3n de la vega del segura. La culminaci\u00f3n de este sistema hidr\u00e1ulico con la construcci\u00f3n de las dos grandes acequias, una por cada margen del r\u00edo, se ha puesto en relaci\u00f3n con el despegue demogr\u00e1fico de siy\u00e1sa, hacia el siglo xii, que se manifiesta en la gran ampliaci\u00f3n del casr\u00edo que deja en su interior una muralla m\u00e1s antigua.  &#8211; las dieciocho casas exhumadas en el poblado de altura y su decoraci\u00f3n arquitect\u00f3nica han proporcionado una informaci\u00f3n riqu\u00edsima que convierte a siy\u00e1sa en uno de los monumentos m\u00e1s representativos del isl\u00e1m occidental a la hora de estudiar la evoluci\u00f3n de la arquitectura residencial y de su decoraci\u00f3n durante los siglos xii y xiii.  &#8211; todas las casas se organizan en torno a un patio central al que se abren la mayor\u00eda de las dependencias. el sal\u00f3n con alhan\u00eda\/s se ha podido documentar, en la mayor\u00eda de los casos, en la cruj\u00eda norte en planta baja. En las viviendas m\u00e1s humildes se sit\u00faa con igual orientaci\u00f3n aunque ocasionalmente aparece en planta alta. La cocina, la letrina y el establo suelen estar presentes<\/p>\n<p>&nbsp;<\/p>\n<h3>Datos acad\u00e9micos de la tesis doctoral \u00ab<strong>Siyasa: poblamiento y arquitectura de un hisn de sarq al-andalus (siglos xi-xiii).<\/strong>\u00ab<\/h3>\n<ul>\n<li><strong>T\u00edtulo de la tesis:<\/strong>\u00a0 Siyasa: poblamiento y arquitectura de un hisn de sarq al-andalus (siglos xi-xiii). <\/li>\n<li><strong>Autor:<\/strong>\u00a0 Julio Navarro Palaz\u00f3n <\/li>\n<li><strong>Universidad:<\/strong>\u00a0 Murcia<\/li>\n<li><strong>Fecha de lectura de la tesis:<\/strong>\u00a0 01\/01\/1998<\/li>\n<\/ul>\n<p>&nbsp;<\/p>\n<h3>Direcci\u00f3n y tribunal<\/h3>\n<ul>\n<li><strong>Director de la tesis<\/strong>\n<ul>\n<li> Perez Higuera M. Teresa<\/li>\n<\/ul>\n<\/li>\n<li><strong>Tribunal<\/strong>\n<ul>\n<li>Presidente del tribunal:  Mu\u00f1oz amilibia Ana Mar\u00eda <\/li>\n<li>pierre Guchard (vocal)<\/li>\n<li>Rafael Manzano martos (vocal)<\/li>\n<li>Mar\u00eda Jes\u00fas Viguera molins (vocal)<\/li>\n<\/ul>\n<\/li>\n<\/ul>\n<p>&nbsp;<\/p>\n","protected":false},"excerpt":{"rendered":"<p>Tesis doctoral de Julio Navarro Palaz\u00f3n Estudio hist\u00f3rico-arqueol\u00f3gico del territorio castral de siy\u00e1sa (cieza-murcia) durante los siglos xi-xiii. Se ha [&hellip;]<\/p>\n","protected":false},"author":1,"featured_media":0,"comment_status":"open","ping_status":"open","sticky":false,"template":"","format":"standard","meta":{"site-sidebar-layout":"default","site-content-layout":"","ast-site-content-layout":"","site-content-style":"default","site-sidebar-style":"default","ast-global-header-display":"","ast-banner-title-visibility":"","ast-main-header-display":"","ast-hfb-above-header-display":"","ast-hfb-below-header-display":"","ast-hfb-mobile-header-display":"","site-post-title":"","ast-breadcrumbs-content":"","ast-featured-img":"","footer-sml-layout":"","theme-transparent-header-meta":"","adv-header-id-meta":"","stick-header-meta":"","header-above-stick-meta":"","header-main-stick-meta":"","header-below-stick-meta":"","astra-migrate-meta-layouts":"default","ast-page-background-enabled":"default","ast-page-background-meta":{"desktop":{"background-color":"var(--ast-global-color-4)","background-image":"","background-repeat":"repeat","background-position":"center center","background-size":"auto","background-attachment":"scroll","background-type":"","background-media":"","overlay-type":"","overlay-color":"","overlay-gradient":""},"tablet":{"background-color":"","background-image":"","background-repeat":"repeat","background-position":"center center","background-size":"auto","background-attachment":"scroll","background-type":"","background-media":"","overlay-type":"","overlay-color":"","overlay-gradient":""},"mobile":{"background-color":"","background-image":"","background-repeat":"repeat","background-position":"center center","background-size":"auto","background-attachment":"scroll","background-type":"","background-media":"","overlay-type":"","overlay-color":"","overlay-gradient":""}},"ast-content-background-meta":{"desktop":{"background-color":"var(--ast-global-color-5)","background-image":"","background-repeat":"repeat","background-position":"center center","background-size":"auto","background-attachment":"scroll","background-type":"","background-media":"","overlay-type":"","overlay-color":"","overlay-gradient":""},"tablet":{"background-color":"var(--ast-global-color-5)","background-image":"","background-repeat":"repeat","background-position":"center center","background-size":"auto","background-attachment":"scroll","background-type":"","background-media":"","overlay-type":"","overlay-color":"","overlay-gradient":""},"mobile":{"background-color":"var(--ast-global-color-5)","background-image":"","background-repeat":"repeat","background-position":"center center","background-size":"auto","background-attachment":"scroll","background-type":"","background-media":"","overlay-type":"","overlay-color":"","overlay-gradient":""}},"footnotes":""},"categories":[1624,104,8235],"tags":[93863,3892,42495,5822,93864,26676],"class_list":["post-35009","post","type-post","status-publish","format-standard","hentry","category-ciencias-auxiliares-de-la-historia","category-historia","category-murcia","tag-julio-navarro-palazon","tag-maria-jesus-viguera-molins","tag-munoz-amilibia-ana-maria","tag-perez-higuera-m-teresa","tag-pierre-guchard","tag-rafael-manzano-martos"],"_links":{"self":[{"href":"https:\/\/www.deberes.net\/tesis\/wp-json\/wp\/v2\/posts\/35009","targetHints":{"allow":["GET"]}}],"collection":[{"href":"https:\/\/www.deberes.net\/tesis\/wp-json\/wp\/v2\/posts"}],"about":[{"href":"https:\/\/www.deberes.net\/tesis\/wp-json\/wp\/v2\/types\/post"}],"author":[{"embeddable":true,"href":"https:\/\/www.deberes.net\/tesis\/wp-json\/wp\/v2\/users\/1"}],"replies":[{"embeddable":true,"href":"https:\/\/www.deberes.net\/tesis\/wp-json\/wp\/v2\/comments?post=35009"}],"version-history":[{"count":0,"href":"https:\/\/www.deberes.net\/tesis\/wp-json\/wp\/v2\/posts\/35009\/revisions"}],"wp:attachment":[{"href":"https:\/\/www.deberes.net\/tesis\/wp-json\/wp\/v2\/media?parent=35009"}],"wp:term":[{"taxonomy":"category","embeddable":true,"href":"https:\/\/www.deberes.net\/tesis\/wp-json\/wp\/v2\/categories?post=35009"},{"taxonomy":"post_tag","embeddable":true,"href":"https:\/\/www.deberes.net\/tesis\/wp-json\/wp\/v2\/tags?post=35009"}],"curies":[{"name":"wp","href":"https:\/\/api.w.org\/{rel}","templated":true}]}}