{"id":35046,"date":"1998-01-01T00:00:00","date_gmt":"1998-01-01T00:00:00","guid":{"rendered":"https:\/\/www.deberes.net\/tesis\/sin-categoria\/telecomunicaciones-y-estado-autonomico\/"},"modified":"1998-01-01T00:00:00","modified_gmt":"1998-01-01T00:00:00","slug":"telecomunicaciones-y-estado-autonomico","status":"publish","type":"post","link":"https:\/\/www.deberes.net\/tesis\/ciencias-juridicas-y-derecho\/telecomunicaciones-y-estado-autonomico\/","title":{"rendered":"Telecomunicaciones y estado autonomico."},"content":{"rendered":"<h2>Tesis doctoral de <strong> Matilde Carlon Ruiz <\/strong><\/h2>\n<p>Esta tesis doctoral intenta analizar el complejo fen\u00f3meno de las telecomunicaciones desde su consideraci\u00f3n estrictamente jur\u00eddica aunque incardinada en la consideraci\u00f3n de la importancia econ\u00f3mica y social del mismo en las sociedades modernas.  la perspectiva adoptada, cual es la de la distribuci\u00f3n territorial de competencias en la materia entre el estado y las comunidades aut\u00f3nomas, permite abordar con cierta estabilidad y rigor los muchos problemas jur\u00eddicos que la multiplicidad y complejidad tecnol\u00f3gica de los servicios de telecomunicaci\u00f3n comportan.  sobre la base de la descripci\u00f3n jur\u00eddica de las telecomunicaciones, se plantea el problema de la superposici\u00f3n de t\u00edtulos competenciales en la materia, reelaborando la doctrina que al respecto ha construido el tribunal constitucional. Sobre estas nuevas bases se analizan los fundamentos -incluyendo an\u00e1lisis del derecho comparado y de los antecedentes constitucionales- y \u00faltimas consecuencias de unos y otros t\u00edtulos competenciales, analizando en ambos casos, desde una perspectiva cr\u00edtica, la normativa actualmente vigente en la materia.<\/p>\n<p>&nbsp;<\/p>\n<h3>Datos acad\u00e9micos de la tesis doctoral \u00ab<strong>Telecomunicaciones y estado autonomico.<\/strong>\u00ab<\/h3>\n<ul>\n<li><strong>T\u00edtulo de la tesis:<\/strong>\u00a0 Telecomunicaciones y estado autonomico. <\/li>\n<li><strong>Autor:<\/strong>\u00a0 Matilde Carlon Ruiz <\/li>\n<li><strong>Universidad:<\/strong>\u00a0 Oviedo<\/li>\n<li><strong>Fecha de lectura de la tesis:<\/strong>\u00a0 01\/01\/1998<\/li>\n<\/ul>\n<p>&nbsp;<\/p>\n<h3>Direcci\u00f3n y tribunal<\/h3>\n<ul>\n<li><strong>Director de la tesis<\/strong>\n<ul>\n<li>Leopoldo Tolivar Alas<\/li>\n<\/ul>\n<\/li>\n<li><strong>Tribunal<\/strong>\n<ul>\n<li>Presidente del tribunal: Eduardo Garc\u00eda De Enterr\u00eda Mart\u00ednez-carande <\/li>\n<li>Tom\u00e1s De La Quadra-salcedo Fern\u00e1ndez Del Castillo (vocal)<\/li>\n<li>Francisco Sosa Wagner (vocal)<\/li>\n<li> Bocanegra Sierra Raul E. (vocal)<\/li>\n<\/ul>\n<\/li>\n<\/ul>\n<p>&nbsp;<\/p>\n","protected":false},"excerpt":{"rendered":"<p>Tesis doctoral de Matilde Carlon Ruiz Esta tesis doctoral intenta analizar el complejo fen\u00f3meno de las telecomunicaciones desde su consideraci\u00f3n [&hellip;]<\/p>\n","protected":false},"author":1,"featured_media":0,"comment_status":"open","ping_status":"open","sticky":false,"template":"","format":"standard","meta":{"site-sidebar-layout":"default","site-content-layout":"","ast-site-content-layout":"","site-content-style":"default","site-sidebar-style":"default","ast-global-header-display":"","ast-banner-title-visibility":"","ast-main-header-display":"","ast-hfb-above-header-display":"","ast-hfb-below-header-display":"","ast-hfb-mobile-header-display":"","site-post-title":"","ast-breadcrumbs-content":"","ast-featured-img":"","footer-sml-layout":"","theme-transparent-header-meta":"","adv-header-id-meta":"","stick-header-meta":"","header-above-stick-meta":"","header-main-stick-meta":"","header-below-stick-meta":"","astra-migrate-meta-layouts":"default","ast-page-background-enabled":"default","ast-page-background-meta":{"desktop":{"background-color":"var(--ast-global-color-4)","background-image":"","background-repeat":"repeat","background-position":"center center","background-size":"auto","background-attachment":"scroll","background-type":"","background-media":"","overlay-type":"","overlay-color":"","overlay-gradient":""},"tablet":{"background-color":"","background-image":"","background-repeat":"repeat","background-position":"center center","background-size":"auto","background-attachment":"scroll","background-type":"","background-media":"","overlay-type":"","overlay-color":"","overlay-gradient":""},"mobile":{"background-color":"","background-image":"","background-repeat":"repeat","background-position":"center center","background-size":"auto","background-attachment":"scroll","background-type":"","background-media":"","overlay-type":"","overlay-color":"","overlay-gradient":""}},"ast-content-background-meta":{"desktop":{"background-color":"var(--ast-global-color-5)","background-image":"","background-repeat":"repeat","background-position":"center center","background-size":"auto","background-attachment":"scroll","background-type":"","background-media":"","overlay-type":"","overlay-color":"","overlay-gradient":""},"tablet":{"background-color":"var(--ast-global-color-5)","background-image":"","background-repeat":"repeat","background-position":"center center","background-size":"auto","background-attachment":"scroll","background-type":"","background-media":"","overlay-type":"","overlay-color":"","overlay-gradient":""},"mobile":{"background-color":"var(--ast-global-color-5)","background-image":"","background-repeat":"repeat","background-position":"center center","background-size":"auto","background-attachment":"scroll","background-type":"","background-media":"","overlay-type":"","overlay-color":"","overlay-gradient":""}},"footnotes":""},"categories":[612,1442,979,8846],"tags":[93926,23651,33449,37576,93925,37574],"class_list":["post-35046","post","type-post","status-publish","format-standard","hentry","category-ciencias-juridicas-y-derecho","category-derecho-administrativo","category-derecho-y-legislacion-nacionales","category-oviedo","tag-bocanegra-sierra-raul-e","tag-eduardo-garcia-de-enterria-Martinez-carande","tag-francisco-sosa-wagner","tag-leopoldo-tolivar-alas","tag-matilde-carlon-ruiz","tag-tomas-de-la-quadra-salcedo-fernandez-del-castillo"],"_links":{"self":[{"href":"https:\/\/www.deberes.net\/tesis\/wp-json\/wp\/v2\/posts\/35046","targetHints":{"allow":["GET"]}}],"collection":[{"href":"https:\/\/www.deberes.net\/tesis\/wp-json\/wp\/v2\/posts"}],"about":[{"href":"https:\/\/www.deberes.net\/tesis\/wp-json\/wp\/v2\/types\/post"}],"author":[{"embeddable":true,"href":"https:\/\/www.deberes.net\/tesis\/wp-json\/wp\/v2\/users\/1"}],"replies":[{"embeddable":true,"href":"https:\/\/www.deberes.net\/tesis\/wp-json\/wp\/v2\/comments?post=35046"}],"version-history":[{"count":0,"href":"https:\/\/www.deberes.net\/tesis\/wp-json\/wp\/v2\/posts\/35046\/revisions"}],"wp:attachment":[{"href":"https:\/\/www.deberes.net\/tesis\/wp-json\/wp\/v2\/media?parent=35046"}],"wp:term":[{"taxonomy":"category","embeddable":true,"href":"https:\/\/www.deberes.net\/tesis\/wp-json\/wp\/v2\/categories?post=35046"},{"taxonomy":"post_tag","embeddable":true,"href":"https:\/\/www.deberes.net\/tesis\/wp-json\/wp\/v2\/tags?post=35046"}],"curies":[{"name":"wp","href":"https:\/\/api.w.org\/{rel}","templated":true}]}}