{"id":35071,"date":"1998-01-01T00:00:00","date_gmt":"1998-01-01T00:00:00","guid":{"rendered":"https:\/\/www.deberes.net\/tesis\/sin-categoria\/discapacidad-y-amputacion-infanto-juvenil\/"},"modified":"1998-01-01T00:00:00","modified_gmt":"1998-01-01T00:00:00","slug":"discapacidad-y-amputacion-infanto-juvenil","status":"publish","type":"post","link":"https:\/\/www.deberes.net\/tesis\/ciencias-medicas\/discapacidad-y-amputacion-infanto-juvenil\/","title":{"rendered":"Discapacidad y amputacion infanto-juvenil."},"content":{"rendered":"<h2>Tesis doctoral de <strong> Angel Fernandez Gonzalez <\/strong><\/h2>\n<p>La distinci\u00f3n clara entre deficiencia, discapacidad y minusval\u00eda es muy \u00fatil en rehabilitaci\u00f3n para entender las consecuencias a largo plazo de la enfermedad. Se valoraron estos aspectos entre amputados infanto-juveniles, utilizando la escala de la medida de la independencia funcional en los afectados de miembro superior (ms) y la escala de rusk en el miembro inferior (mi). En la muestra (n=281), hab\u00eda 75% de hombres y la edad media de amputaci\u00f3n fue 12,6+_7 a\u00f1os. El 82% fue por causa adquirida, con predominio en el mi (p&lt;0,001) y en el sexo masculino (p&lt;0,001). La aceptaci\u00f3n prot\u00e9sica en el ms fue del 53% y en el mi del 94% (p&lt;0,001). El uso de pr\u00f3tesis no cambiaba ni con el sexo ni con el nivel de amputaci\u00f3n, pero fue mayor en causa adquirida (p&lt;0,05).  la discapacidad en el ms mostr\u00f3 dependencia de una tercera persona en el 75% (puntuaciones 5,4,3 de la escala m.I.F.). Las dificultades para salvar las barreras arquitect\u00f3nicas se consideraron moderadas o severas en el 47% de los casos. Con respecto a la minusval\u00eda, en estudios universitarios, no hubo diferencias con la poblaci\u00f3n asturiana (7%). Sin embargo, tuvimos m\u00e1s pensionistas (p&lt;0,05) y m\u00e1s parados (p&lt;0,001). En la actividad de conducir, no hubo diferencias con la poblaci\u00f3n de asturias.<\/p>\n<p>&nbsp;<\/p>\n<h3>Datos acad\u00e9micos de la tesis doctoral \u00ab<strong>Discapacidad y amputacion infanto-juvenil.<\/strong>\u00ab<\/h3>\n<ul>\n<li><strong>T\u00edtulo de la tesis:<\/strong>\u00a0 Discapacidad y amputacion infanto-juvenil. <\/li>\n<li><strong>Autor:<\/strong>\u00a0 Angel Fernandez Gonzalez <\/li>\n<li><strong>Universidad:<\/strong>\u00a0 Oviedo<\/li>\n<li><strong>Fecha de lectura de la tesis:<\/strong>\u00a0 01\/01\/1998<\/li>\n<\/ul>\n<p>&nbsp;<\/p>\n<h3>Direcci\u00f3n y tribunal<\/h3>\n<ul>\n<li><strong>Director de la tesis<\/strong>\n<ul>\n<li>Manuel Crespo Hernandez<\/li>\n<\/ul>\n<\/li>\n<li><strong>Tribunal<\/strong>\n<ul>\n<li>Presidente del tribunal: Julio Ardura Fern\u00e1ndez <\/li>\n<li>Jos\u00e9 Paz Jimenez (vocal)<\/li>\n<li>Felipe Pascual Gomez (vocal)<\/li>\n<li>Carlos Alfredo Bouso\u00f1o Garc\u00eda (vocal)<\/li>\n<\/ul>\n<\/li>\n<\/ul>\n<p>&nbsp;<\/p>\n","protected":false},"excerpt":{"rendered":"<p>Tesis doctoral de Angel Fernandez Gonzalez La distinci\u00f3n clara entre deficiencia, discapacidad y minusval\u00eda es muy \u00fatil en rehabilitaci\u00f3n para [&hellip;]<\/p>\n","protected":false},"author":1,"featured_media":0,"comment_status":"open","ping_status":"open","sticky":false,"template":"","format":"standard","meta":{"site-sidebar-layout":"default","site-content-layout":"","ast-site-content-layout":"","site-content-style":"default","site-sidebar-style":"default","ast-global-header-display":"","ast-banner-title-visibility":"","ast-main-header-display":"","ast-hfb-above-header-display":"","ast-hfb-below-header-display":"","ast-hfb-mobile-header-display":"","site-post-title":"","ast-breadcrumbs-content":"","ast-featured-img":"","footer-sml-layout":"","theme-transparent-header-meta":"","adv-header-id-meta":"","stick-header-meta":"","header-above-stick-meta":"","header-main-stick-meta":"","header-below-stick-meta":"","astra-migrate-meta-layouts":"default","ast-page-background-enabled":"default","ast-page-background-meta":{"desktop":{"background-color":"var(--ast-global-color-4)","background-image":"","background-repeat":"repeat","background-position":"center center","background-size":"auto","background-attachment":"scroll","background-type":"","background-media":"","overlay-type":"","overlay-color":"","overlay-gradient":""},"tablet":{"background-color":"","background-image":"","background-repeat":"repeat","background-position":"center center","background-size":"auto","background-attachment":"scroll","background-type":"","background-media":"","overlay-type":"","overlay-color":"","overlay-gradient":""},"mobile":{"background-color":"","background-image":"","background-repeat":"repeat","background-position":"center center","background-size":"auto","background-attachment":"scroll","background-type":"","background-media":"","overlay-type":"","overlay-color":"","overlay-gradient":""}},"ast-content-background-meta":{"desktop":{"background-color":"var(--ast-global-color-5)","background-image":"","background-repeat":"repeat","background-position":"center center","background-size":"auto","background-attachment":"scroll","background-type":"","background-media":"","overlay-type":"","overlay-color":"","overlay-gradient":""},"tablet":{"background-color":"var(--ast-global-color-5)","background-image":"","background-repeat":"repeat","background-position":"center center","background-size":"auto","background-attachment":"scroll","background-type":"","background-media":"","overlay-type":"","overlay-color":"","overlay-gradient":""},"mobile":{"background-color":"var(--ast-global-color-5)","background-image":"","background-repeat":"repeat","background-position":"center center","background-size":"auto","background-attachment":"scroll","background-type":"","background-media":"","overlay-type":"","overlay-color":"","overlay-gradient":""}},"footnotes":""},"categories":[155,9,141,4233,8846,161],"tags":[93975,9080,62538,27899,27728,25300],"class_list":["post-35071","post","type-post","status-publish","format-standard","hentry","category-ciencias-clinicas","category-ciencias-medicas","category-cirugia","category-cirugia-ortopedica","category-oviedo","category-pediatria","tag-angel-fernandez-gonzalez","tag-carlos-alfredo-bousono-garcia","tag-felipe-pascual-gomez","tag-jose-paz-jimenez","tag-julio-ardura-fernandez","tag-manuel-crespo-hernandez"],"_links":{"self":[{"href":"https:\/\/www.deberes.net\/tesis\/wp-json\/wp\/v2\/posts\/35071","targetHints":{"allow":["GET"]}}],"collection":[{"href":"https:\/\/www.deberes.net\/tesis\/wp-json\/wp\/v2\/posts"}],"about":[{"href":"https:\/\/www.deberes.net\/tesis\/wp-json\/wp\/v2\/types\/post"}],"author":[{"embeddable":true,"href":"https:\/\/www.deberes.net\/tesis\/wp-json\/wp\/v2\/users\/1"}],"replies":[{"embeddable":true,"href":"https:\/\/www.deberes.net\/tesis\/wp-json\/wp\/v2\/comments?post=35071"}],"version-history":[{"count":0,"href":"https:\/\/www.deberes.net\/tesis\/wp-json\/wp\/v2\/posts\/35071\/revisions"}],"wp:attachment":[{"href":"https:\/\/www.deberes.net\/tesis\/wp-json\/wp\/v2\/media?parent=35071"}],"wp:term":[{"taxonomy":"category","embeddable":true,"href":"https:\/\/www.deberes.net\/tesis\/wp-json\/wp\/v2\/categories?post=35071"},{"taxonomy":"post_tag","embeddable":true,"href":"https:\/\/www.deberes.net\/tesis\/wp-json\/wp\/v2\/tags?post=35071"}],"curies":[{"name":"wp","href":"https:\/\/api.w.org\/{rel}","templated":true}]}}