{"id":35074,"date":"1998-01-01T00:00:00","date_gmt":"1998-01-01T00:00:00","guid":{"rendered":"https:\/\/www.deberes.net\/tesis\/sin-categoria\/imagenes-semanticas-de-la-educacion-fisica\/"},"modified":"1998-01-01T00:00:00","modified_gmt":"1998-01-01T00:00:00","slug":"imagenes-semanticas-de-la-educacion-fisica","status":"publish","type":"post","link":"https:\/\/www.deberes.net\/tesis\/ciencias-de-la-vida\/imagenes-semanticas-de-la-educacion-fisica\/","title":{"rendered":"Imagenes semanticas de la educacion fisica."},"content":{"rendered":"<h2>Tesis doctoral de <strong>  Fernandez Losa Jorge  Luis <\/strong><\/h2>\n<p>La presente tesis tiene como n\u00facleo central la cuesti\u00f3n terminol\u00f3gica trata de determinar la relevancia que aportan los t\u00e9rminos en el discurso cient\u00edfico aplicado al \u00e1mbito de conocimiento de la educaci\u00f3n f\u00edsica.  se recogen una serie de obras en unos cortes hist\u00f3ricos y se precisa, mediante la elaboraci\u00f3n de unas im\u00e1genes conceptuales a partir de los t\u00e9rminos utilizados por sus autores, que los aspectos de an\u00e1lisis cuantitativos en la evoluci\u00f3n de una materia de conocimiento determinada (en este caso la educaci\u00f3n f\u00edsica) vienen estrechamente ligados a los aspectos cualitativos.  el estudio lexicom\u00e9trico se ha llevado a cabo mediante el programa estad\u00edstico spad y la elaboraci\u00f3n final de los datos con la utilizaci\u00f3n de diversos programas inform\u00e1ticos.  el an\u00e1lisis de contenidos puede constituirse en una preciosa fuente de investigaci\u00f3n cuando se comparan en su estudio textos representativos, observ\u00e1ndose que la transformaci\u00f3n o el mantenimiento, la aparici\u00f3n o desaparici\u00f3n y la mayor o menor inflexi\u00f3n en el uso de los t\u00e9rminos son reveladores de evoluci\u00f3n cient\u00edfica.<\/p>\n<p>&nbsp;<\/p>\n<h3>Datos acad\u00e9micos de la tesis doctoral \u00ab<strong>Imagenes semanticas de la educacion fisica.<\/strong>\u00ab<\/h3>\n<ul>\n<li><strong>T\u00edtulo de la tesis:<\/strong>\u00a0 Imagenes semanticas de la educacion fisica. <\/li>\n<li><strong>Autor:<\/strong>\u00a0  Fernandez Losa Jorge  Luis <\/li>\n<li><strong>Universidad:<\/strong>\u00a0 Oviedo<\/li>\n<li><strong>Fecha de lectura de la tesis:<\/strong>\u00a0 01\/01\/1998<\/li>\n<\/ul>\n<p>&nbsp;<\/p>\n<h3>Direcci\u00f3n y tribunal<\/h3>\n<ul>\n<li><strong>Director de la tesis<\/strong>\n<ul>\n<li>Jos\u00e9 Antonio Cecchini Estrada<\/li>\n<\/ul>\n<\/li>\n<li><strong>Tribunal<\/strong>\n<ul>\n<li>Presidente del tribunal: Santiago Romero Granados <\/li>\n<li>Manuel Guillen Del Castillo (vocal)<\/li>\n<li>Jos\u00e9 Antonio Arruza Gabilondo (vocal)<\/li>\n<li> Moreno Medina M. Del Valle (vocal)<\/li>\n<\/ul>\n<\/li>\n<\/ul>\n<p>&nbsp;<\/p>\n","protected":false},"excerpt":{"rendered":"<p>Tesis doctoral de Fernandez Losa Jorge Luis La presente tesis tiene como n\u00facleo central la cuesti\u00f3n terminol\u00f3gica trata de determinar [&hellip;]<\/p>\n","protected":false},"author":1,"featured_media":0,"comment_status":"open","ping_status":"open","sticky":false,"template":"","format":"standard","meta":{"site-sidebar-layout":"default","site-content-layout":"","ast-site-content-layout":"","site-content-style":"default","site-sidebar-style":"default","ast-global-header-display":"","ast-banner-title-visibility":"","ast-main-header-display":"","ast-hfb-above-header-display":"","ast-hfb-below-header-display":"","ast-hfb-mobile-header-display":"","site-post-title":"","ast-breadcrumbs-content":"","ast-featured-img":"","footer-sml-layout":"","theme-transparent-header-meta":"","adv-header-id-meta":"","stick-header-meta":"","header-above-stick-meta":"","header-main-stick-meta":"","header-below-stick-meta":"","astra-migrate-meta-layouts":"default","ast-page-background-enabled":"default","ast-page-background-meta":{"desktop":{"background-color":"var(--ast-global-color-4)","background-image":"","background-repeat":"repeat","background-position":"center center","background-size":"auto","background-attachment":"scroll","background-type":"","background-media":"","overlay-type":"","overlay-color":"","overlay-gradient":""},"tablet":{"background-color":"","background-image":"","background-repeat":"repeat","background-position":"center center","background-size":"auto","background-attachment":"scroll","background-type":"","background-media":"","overlay-type":"","overlay-color":"","overlay-gradient":""},"mobile":{"background-color":"","background-image":"","background-repeat":"repeat","background-position":"center center","background-size":"auto","background-attachment":"scroll","background-type":"","background-media":"","overlay-type":"","overlay-color":"","overlay-gradient":""}},"ast-content-background-meta":{"desktop":{"background-color":"var(--ast-global-color-5)","background-image":"","background-repeat":"repeat","background-position":"center center","background-size":"auto","background-attachment":"scroll","background-type":"","background-media":"","overlay-type":"","overlay-color":"","overlay-gradient":""},"tablet":{"background-color":"var(--ast-global-color-5)","background-image":"","background-repeat":"repeat","background-position":"center center","background-size":"auto","background-attachment":"scroll","background-type":"","background-media":"","overlay-type":"","overlay-color":"","overlay-gradient":""},"mobile":{"background-color":"var(--ast-global-color-5)","background-image":"","background-repeat":"repeat","background-position":"center center","background-size":"auto","background-attachment":"scroll","background-type":"","background-media":"","overlay-type":"","overlay-color":"","overlay-gradient":""}},"footnotes":""},"categories":[35,3664,817,8846,1141,1341,11958],"tags":[93978,28072,51251,42116,93979,4125],"class_list":["post-35074","post","type-post","status-publish","format-standard","hentry","category-ciencias-de-la-vida","category-fisiologia-del-ejercicio","category-fisiologia-humana","category-oviedo","category-pedagogia","category-teoria-y-metodos-educativos","category-teorias-educativas","tag-fernandez-losa-jorge-luis","tag-jose-antonio-arruza-gabilondo","tag-jose-antonio-cecchini-estrada","tag-manuel-guillen-del-castillo","tag-moreno-medina-m-del-valle","tag-santiago-romero-granados"],"_links":{"self":[{"href":"https:\/\/www.deberes.net\/tesis\/wp-json\/wp\/v2\/posts\/35074","targetHints":{"allow":["GET"]}}],"collection":[{"href":"https:\/\/www.deberes.net\/tesis\/wp-json\/wp\/v2\/posts"}],"about":[{"href":"https:\/\/www.deberes.net\/tesis\/wp-json\/wp\/v2\/types\/post"}],"author":[{"embeddable":true,"href":"https:\/\/www.deberes.net\/tesis\/wp-json\/wp\/v2\/users\/1"}],"replies":[{"embeddable":true,"href":"https:\/\/www.deberes.net\/tesis\/wp-json\/wp\/v2\/comments?post=35074"}],"version-history":[{"count":0,"href":"https:\/\/www.deberes.net\/tesis\/wp-json\/wp\/v2\/posts\/35074\/revisions"}],"wp:attachment":[{"href":"https:\/\/www.deberes.net\/tesis\/wp-json\/wp\/v2\/media?parent=35074"}],"wp:term":[{"taxonomy":"category","embeddable":true,"href":"https:\/\/www.deberes.net\/tesis\/wp-json\/wp\/v2\/categories?post=35074"},{"taxonomy":"post_tag","embeddable":true,"href":"https:\/\/www.deberes.net\/tesis\/wp-json\/wp\/v2\/tags?post=35074"}],"curies":[{"name":"wp","href":"https:\/\/api.w.org\/{rel}","templated":true}]}}