{"id":35087,"date":"1998-01-01T00:00:00","date_gmt":"1998-01-01T00:00:00","guid":{"rendered":"https:\/\/www.deberes.net\/tesis\/sin-categoria\/la-ensenanza-de-la-economia-una-aplicacion-de-las-funciones-de-produccion-educativas\/"},"modified":"1998-01-01T00:00:00","modified_gmt":"1998-01-01T00:00:00","slug":"la-ensenanza-de-la-economia-una-aplicacion-de-las-funciones-de-produccion-educativas","status":"publish","type":"post","link":"https:\/\/www.deberes.net\/tesis\/historia\/la-ensenanza-de-la-economia-una-aplicacion-de-las-funciones-de-produccion-educativas\/","title":{"rendered":"La ense\u00f1anza de la economia: una aplicacion de las funciones de produccion educativas."},"content":{"rendered":"<h2>Tesis doctoral de <strong>  Garcia Diez M. Mercedes <\/strong><\/h2>\n<p>El objetivo de este trabajo es conocer los factores que influyen de forma significativa en el nivel de formaci\u00f3n econ\u00f3mica que un consiguen los alumnos universitarios a partir de la estimaci\u00f3n de funciones de producci\u00f3n educativas. Para ello se especif\u00edca sistema simult\u00e1neo de dos ecuaciones cuyas variables end\u00f3genas son el nivel de conocimientos econ\u00f3micos de los alumnos y su actitud por la disciplina econ\u00f3mica. La muestra utilizada en la contrastaci\u00f3n emp\u00edrica del modelo recoge a alumnos de primer ciclo de la facultad de ciencias econ\u00f3micas de la universidad de oviedo. Se incluyen alumnos que han seguido planes de estudios diferentes lo que permite comparar los resultados alcanzados por ambos grupos de alumnos y analizar si el nuevo plan de estudios instaurado ha tenido repercusi\u00f3n sobre los resultados de los alumnos.<\/p>\n<p>&nbsp;<\/p>\n<h3>Datos acad\u00e9micos de la tesis doctoral \u00ab<strong>La ense\u00f1anza de la economia: una aplicacion de las funciones de produccion educativas.<\/strong>\u00ab<\/h3>\n<ul>\n<li><strong>T\u00edtulo de la tesis:<\/strong>\u00a0 La ense\u00f1anza de la economia: una aplicacion de las funciones de produccion educativas. <\/li>\n<li><strong>Autor:<\/strong>\u00a0  Garcia Diez M. Mercedes <\/li>\n<li><strong>Universidad:<\/strong>\u00a0 Oviedo<\/li>\n<li><strong>Fecha de lectura de la tesis:<\/strong>\u00a0 01\/01\/1998<\/li>\n<\/ul>\n<p>&nbsp;<\/p>\n<h3>Direcci\u00f3n y tribunal<\/h3>\n<ul>\n<li><strong>Director de la tesis<\/strong>\n<ul>\n<li>Joaquin Lorences Rodriguez<\/li>\n<\/ul>\n<\/li>\n<li><strong>Tribunal<\/strong>\n<ul>\n<li>Presidente del tribunal: Jos\u00e9 Antonio Garc\u00eda Dur\u00e1n De Lara <\/li>\n<li>Ana Isabel Fern\u00e1ndez \u00e1lvarez (vocal)<\/li>\n<li>Mar\u00eda Luc\u00eda Navarro G\u00f3mez (vocal)<\/li>\n<li>Jos\u00e9 Luis Moreno Becerra (vocal)<\/li>\n<\/ul>\n<\/li>\n<\/ul>\n<p>&nbsp;<\/p>\n","protected":false},"excerpt":{"rendered":"<p>Tesis doctoral de Garcia Diez M. Mercedes El objetivo de este trabajo es conocer los factores que influyen de forma [&hellip;]<\/p>\n","protected":false},"author":1,"featured_media":0,"comment_status":"open","ping_status":"open","sticky":false,"template":"","format":"standard","meta":{"site-sidebar-layout":"default","site-content-layout":"","ast-site-content-layout":"","site-content-style":"default","site-sidebar-style":"default","ast-global-header-display":"","ast-banner-title-visibility":"","ast-main-header-display":"","ast-hfb-above-header-display":"","ast-hfb-below-header-display":"","ast-hfb-mobile-header-display":"","site-post-title":"","ast-breadcrumbs-content":"","ast-featured-img":"","footer-sml-layout":"","theme-transparent-header-meta":"","adv-header-id-meta":"","stick-header-meta":"","header-above-stick-meta":"","header-main-stick-meta":"","header-below-stick-meta":"","astra-migrate-meta-layouts":"default","ast-page-background-enabled":"default","ast-page-background-meta":{"desktop":{"background-color":"var(--ast-global-color-4)","background-image":"","background-repeat":"repeat","background-position":"center center","background-size":"auto","background-attachment":"scroll","background-type":"","background-media":"","overlay-type":"","overlay-color":"","overlay-gradient":""},"tablet":{"background-color":"","background-image":"","background-repeat":"repeat","background-position":"center center","background-size":"auto","background-attachment":"scroll","background-type":"","background-media":"","overlay-type":"","overlay-color":"","overlay-gradient":""},"mobile":{"background-color":"","background-image":"","background-repeat":"repeat","background-position":"center center","background-size":"auto","background-attachment":"scroll","background-type":"","background-media":"","overlay-type":"","overlay-color":"","overlay-gradient":""}},"ast-content-background-meta":{"desktop":{"background-color":"var(--ast-global-color-5)","background-image":"","background-repeat":"repeat","background-position":"center center","background-size":"auto","background-attachment":"scroll","background-type":"","background-media":"","overlay-type":"","overlay-color":"","overlay-gradient":""},"tablet":{"background-color":"var(--ast-global-color-5)","background-image":"","background-repeat":"repeat","background-position":"center center","background-size":"auto","background-attachment":"scroll","background-type":"","background-media":"","overlay-type":"","overlay-color":"","overlay-gradient":""},"mobile":{"background-color":"var(--ast-global-color-5)","background-image":"","background-repeat":"repeat","background-position":"center center","background-size":"auto","background-attachment":"scroll","background-type":"","background-media":"","overlay-type":"","overlay-color":"","overlay-gradient":""}},"footnotes":""},"categories":[104,311,222,8846,1141,1340,1341],"tags":[9129,94004,9218,12680,11632,22395],"class_list":["post-35087","post","type-post","status-publish","format-standard","hentry","category-historia","category-historia-de-la-educacion","category-historias-especializadas","category-oviedo","category-pedagogia","category-planes-de-estudios","category-teoria-y-metodos-educativos","tag-ana-isabel-fernandez-alvarez","tag-garcia-diez-m-mercedes","tag-joaquin-lorences-rodriguez","tag-jose-antonio-garcia-duran-de-lara","tag-jose-luis-moreno-becerra","tag-maria-lucia-navarro-gomez"],"_links":{"self":[{"href":"https:\/\/www.deberes.net\/tesis\/wp-json\/wp\/v2\/posts\/35087","targetHints":{"allow":["GET"]}}],"collection":[{"href":"https:\/\/www.deberes.net\/tesis\/wp-json\/wp\/v2\/posts"}],"about":[{"href":"https:\/\/www.deberes.net\/tesis\/wp-json\/wp\/v2\/types\/post"}],"author":[{"embeddable":true,"href":"https:\/\/www.deberes.net\/tesis\/wp-json\/wp\/v2\/users\/1"}],"replies":[{"embeddable":true,"href":"https:\/\/www.deberes.net\/tesis\/wp-json\/wp\/v2\/comments?post=35087"}],"version-history":[{"count":0,"href":"https:\/\/www.deberes.net\/tesis\/wp-json\/wp\/v2\/posts\/35087\/revisions"}],"wp:attachment":[{"href":"https:\/\/www.deberes.net\/tesis\/wp-json\/wp\/v2\/media?parent=35087"}],"wp:term":[{"taxonomy":"category","embeddable":true,"href":"https:\/\/www.deberes.net\/tesis\/wp-json\/wp\/v2\/categories?post=35087"},{"taxonomy":"post_tag","embeddable":true,"href":"https:\/\/www.deberes.net\/tesis\/wp-json\/wp\/v2\/tags?post=35087"}],"curies":[{"name":"wp","href":"https:\/\/api.w.org\/{rel}","templated":true}]}}