{"id":35097,"date":"1998-01-01T00:00:00","date_gmt":"1998-01-01T00:00:00","guid":{"rendered":"https:\/\/www.deberes.net\/tesis\/sin-categoria\/la-predicacion-nuclear-en-la-gramatica-funcional-de-s-c-dik-una-perspectiva-conceptual\/"},"modified":"1998-01-01T00:00:00","modified_gmt":"1998-01-01T00:00:00","slug":"la-predicacion-nuclear-en-la-gramatica-funcional-de-s-c-dik-una-perspectiva-conceptual","status":"publish","type":"post","link":"https:\/\/www.deberes.net\/tesis\/linguistica\/la-predicacion-nuclear-en-la-gramatica-funcional-de-s-c-dik-una-perspectiva-conceptual\/","title":{"rendered":"La predicacion nuclear en la gramatica funcional de s.c.dik: una perspectiva conceptual."},"content":{"rendered":"<h2>Tesis doctoral de <strong>  Garcia Velasco Daniel Angel <\/strong><\/h2>\n<p>La presente tesis doctoral aplica el modelo lingu\u00edstico de la gram\u00e1tica funcional de sim\u00f3n c. Dik al estudio de la relaci\u00f3n existente entre las capacidades cognitivas y gramaticales del ser humano que le permiten generar expresiones lingu\u00edsticas: la tesis fundamental del trabajo reside en la necesidad de dotar al modelo empleado de un nivel de representaci\u00f3n conceptual prelingu\u00edstico, donde sean compatibles las informaciones recibidas de los diferentes canales perceptivos y las propiamente lingu\u00edsticas. Los mecanismos de engarce de este componente con el m\u00f3dulo gramatical permiten ofrecer un tratamiento m\u00e1s riguroso de diversos procesos lingu\u00edsticos y solucionar problemas te\u00f3ricos para la gram\u00e1tica funcional. Entre los fen\u00f3menos tratados figuran alternancias l\u00e9xicas como la causativa y la locativa, la distinci\u00f3n entre argumentos adjuntos y su tratamiento en la gram\u00e1tica funcional, y la integraci\u00f3n de los sat\u00e9lites de primer nivel en la caracterizaci\u00f3n conceptual de la predicaci\u00f3n.<\/p>\n<p>&nbsp;<\/p>\n<h3>Datos acad\u00e9micos de la tesis doctoral \u00ab<strong>La predicacion nuclear en la gramatica funcional de s.c.dik: una perspectiva conceptual.<\/strong>\u00ab<\/h3>\n<ul>\n<li><strong>T\u00edtulo de la tesis:<\/strong>\u00a0 La predicacion nuclear en la gramatica funcional de s.c.dik: una perspectiva conceptual. <\/li>\n<li><strong>Autor:<\/strong>\u00a0  Garcia Velasco Daniel Angel <\/li>\n<li><strong>Universidad:<\/strong>\u00a0 Oviedo<\/li>\n<li><strong>Fecha de lectura de la tesis:<\/strong>\u00a0 01\/01\/1998<\/li>\n<\/ul>\n<p>&nbsp;<\/p>\n<h3>Direcci\u00f3n y tribunal<\/h3>\n<ul>\n<li><strong>Director de la tesis<\/strong>\n<ul>\n<li> Gonzalez Escribano Jos\u00e9 Luis<\/li>\n<\/ul>\n<\/li>\n<li><strong>Tribunal<\/strong>\n<ul>\n<li>Presidente del tribunal: Santiago Gonzalez Fernandez-corugedo <\/li>\n<li> Gomez Soli\u00f1o Jos\u00e9 Secundino (vocal)<\/li>\n<li>Kees Hengeveld (vocal)<\/li>\n<li>Pamela Faber Blanchard (vocal)<\/li>\n<\/ul>\n<\/li>\n<\/ul>\n<p>&nbsp;<\/p>\n","protected":false},"excerpt":{"rendered":"<p>Tesis doctoral de Garcia Velasco Daniel Angel La presente tesis doctoral aplica el modelo lingu\u00edstico de la gram\u00e1tica funcional de [&hellip;]<\/p>\n","protected":false},"author":1,"featured_media":0,"comment_status":"open","ping_status":"open","sticky":false,"template":"","format":"standard","meta":{"site-sidebar-layout":"default","site-content-layout":"","ast-site-content-layout":"","site-content-style":"default","site-sidebar-style":"default","ast-global-header-display":"","ast-banner-title-visibility":"","ast-main-header-display":"","ast-hfb-above-header-display":"","ast-hfb-below-header-display":"","ast-hfb-mobile-header-display":"","site-post-title":"","ast-breadcrumbs-content":"","ast-featured-img":"","footer-sml-layout":"","theme-transparent-header-meta":"","adv-header-id-meta":"","stick-header-meta":"","header-above-stick-meta":"","header-main-stick-meta":"","header-below-stick-meta":"","astra-migrate-meta-layouts":"default","ast-page-background-enabled":"default","ast-page-background-meta":{"desktop":{"background-color":"var(--ast-global-color-4)","background-image":"","background-repeat":"repeat","background-position":"center center","background-size":"auto","background-attachment":"scroll","background-type":"","background-media":"","overlay-type":"","overlay-color":"","overlay-gradient":""},"tablet":{"background-color":"","background-image":"","background-repeat":"repeat","background-position":"center center","background-size":"auto","background-attachment":"scroll","background-type":"","background-media":"","overlay-type":"","overlay-color":"","overlay-gradient":""},"mobile":{"background-color":"","background-image":"","background-repeat":"repeat","background-position":"center center","background-size":"auto","background-attachment":"scroll","background-type":"","background-media":"","overlay-type":"","overlay-color":"","overlay-gradient":""}},"ast-content-background-meta":{"desktop":{"background-color":"var(--ast-global-color-5)","background-image":"","background-repeat":"repeat","background-position":"center center","background-size":"auto","background-attachment":"scroll","background-type":"","background-media":"","overlay-type":"","overlay-color":"","overlay-gradient":""},"tablet":{"background-color":"var(--ast-global-color-5)","background-image":"","background-repeat":"repeat","background-position":"center center","background-size":"auto","background-attachment":"scroll","background-type":"","background-media":"","overlay-type":"","overlay-color":"","overlay-gradient":""},"mobile":{"background-color":"var(--ast-global-color-5)","background-image":"","background-repeat":"repeat","background-position":"center center","background-size":"auto","background-attachment":"scroll","background-type":"","background-media":"","overlay-type":"","overlay-color":"","overlay-gradient":""}},"footnotes":""},"categories":[59,62,8846,409,3016],"tags":[94019,2442,8174,94020,8569,2896],"class_list":["post-35097","post","type-post","status-publish","format-standard","hentry","category-linguistica","category-linguistica-sincronica","category-oviedo","category-sintaxis-y-analisis-sintactico","category-teoria-linguistica","tag-garcia-velasco-daniel-angel","tag-gomez-solino-jose-secundino","tag-gonzalez-escribano-jose-luis","tag-kees-hengeveld","tag-pamela-faber-blanchard","tag-santiago-gonzalez-fernandez-corugedo"],"_links":{"self":[{"href":"https:\/\/www.deberes.net\/tesis\/wp-json\/wp\/v2\/posts\/35097","targetHints":{"allow":["GET"]}}],"collection":[{"href":"https:\/\/www.deberes.net\/tesis\/wp-json\/wp\/v2\/posts"}],"about":[{"href":"https:\/\/www.deberes.net\/tesis\/wp-json\/wp\/v2\/types\/post"}],"author":[{"embeddable":true,"href":"https:\/\/www.deberes.net\/tesis\/wp-json\/wp\/v2\/users\/1"}],"replies":[{"embeddable":true,"href":"https:\/\/www.deberes.net\/tesis\/wp-json\/wp\/v2\/comments?post=35097"}],"version-history":[{"count":0,"href":"https:\/\/www.deberes.net\/tesis\/wp-json\/wp\/v2\/posts\/35097\/revisions"}],"wp:attachment":[{"href":"https:\/\/www.deberes.net\/tesis\/wp-json\/wp\/v2\/media?parent=35097"}],"wp:term":[{"taxonomy":"category","embeddable":true,"href":"https:\/\/www.deberes.net\/tesis\/wp-json\/wp\/v2\/categories?post=35097"},{"taxonomy":"post_tag","embeddable":true,"href":"https:\/\/www.deberes.net\/tesis\/wp-json\/wp\/v2\/tags?post=35097"}],"curies":[{"name":"wp","href":"https:\/\/api.w.org\/{rel}","templated":true}]}}