{"id":35228,"date":"1998-01-01T00:00:00","date_gmt":"1998-01-01T00:00:00","guid":{"rendered":"https:\/\/www.deberes.net\/tesis\/sin-categoria\/el-habla-de-barroso\/"},"modified":"1998-01-01T00:00:00","modified_gmt":"1998-01-01T00:00:00","slug":"el-habla-de-barroso","status":"publish","type":"post","link":"https:\/\/www.deberes.net\/tesis\/linguistica\/el-habla-de-barroso\/","title":{"rendered":"El habla de barroso"},"content":{"rendered":"<h2>Tesis doctoral de <strong>  Gomes Dias Guimaraes Rui Manuel <\/strong><\/h2>\n<p>Contextualizado en el estudio de la variedad de la lengua portuguesa, m\u00e1s espec\u00edficamente en fon\u00e9tica, fonolog\u00eda y morfolog\u00eda del portugu\u00e9s, as\u00ed como en lexicolog\u00eda, lexicograf\u00eda y dialectolog\u00eda, el tema de la tesis es la coexistencia de sistemas fonol\u00f3gicos en variaci\u00f3n diat\u00f3pica y diastr\u00e1tica, diglos\u00eda, l\u00e9xico y registros l\u00e9xicos en el habla de barroso.  en el \u00e1mbito de la coexistencia de sistemas, el estudio aisla el sistema fonol\u00f3gico del habla de barroso, variantes libres, combinatorias y geogr\u00e1ficas locales, en el paradigma lingu\u00edstico del estructuralismo funcionalista, con trabajo de campo, aplicaci\u00f3n del cuestionario lingu\u00edstico como instrumento de pesquisa, de las reglas fonol\u00f3gicas y de la estad\u00edstica lingu\u00edstica, con zonas de variaci\u00f3n y el estatuto sociocultural del hablante.  la tesis presenta un vocabulario espec\u00edfico con estudio lexicogr\u00e1fico especializado que posibilita distinguir tipos l\u00e9xicos en el tiempo y espacio en uso. Distingue, adem\u00e1s, zonas de trilinguismo, bilinguismo con diglosia.  define el habla de barroso como subdilacto de los dialectos transmontanos y altomi\u00f1otos. En la dial\u00e9ctica de la unidad y variedad, la tesis complementa el estudio de la arquitectura lingu\u00edstica del diasistema de la lengua portuguesa como lengua viva.<\/p>\n<p>&nbsp;<\/p>\n<h3>Datos acad\u00e9micos de la tesis doctoral \u00ab<strong>El habla de barroso<\/strong>\u00ab<\/h3>\n<ul>\n<li><strong>T\u00edtulo de la tesis:<\/strong>\u00a0 El habla de barroso <\/li>\n<li><strong>Autor:<\/strong>\u00a0  Gomes Dias Guimaraes Rui Manuel <\/li>\n<li><strong>Universidad:<\/strong>\u00a0 Salamanca<\/li>\n<li><strong>Fecha de lectura de la tesis:<\/strong>\u00a0 01\/01\/1998<\/li>\n<\/ul>\n<p>&nbsp;<\/p>\n<h3>Direcci\u00f3n y tribunal<\/h3>\n<ul>\n<li><strong>Director de la tesis<\/strong>\n<ul>\n<li>\u00e1ngel Marcos De Dios<\/li>\n<\/ul>\n<\/li>\n<li><strong>Tribunal<\/strong>\n<ul>\n<li>Presidente del tribunal: Jos\u00e9 Luis Rodriguez Fernandez <\/li>\n<li>Josefa Postigo Mar\u00eda (vocal)<\/li>\n<li> Ternelo Nu\u00f1ez Mar\u00eda  Sol (vocal)<\/li>\n<li>Juan  Mar\u00eda Carrasco Gonz\u00e1lez (vocal)<\/li>\n<\/ul>\n<\/li>\n<\/ul>\n<p>&nbsp;<\/p>\n","protected":false},"excerpt":{"rendered":"<p>Tesis doctoral de Gomes Dias Guimaraes Rui Manuel Contextualizado en el estudio de la variedad de la lengua portuguesa, m\u00e1s [&hellip;]<\/p>\n","protected":false},"author":1,"featured_media":0,"comment_status":"open","ping_status":"open","sticky":false,"template":"","format":"standard","meta":{"site-sidebar-layout":"default","site-content-layout":"","ast-site-content-layout":"","site-content-style":"default","site-sidebar-style":"default","ast-global-header-display":"","ast-banner-title-visibility":"","ast-main-header-display":"","ast-hfb-above-header-display":"","ast-hfb-below-header-display":"","ast-hfb-mobile-header-display":"","site-post-title":"","ast-breadcrumbs-content":"","ast-featured-img":"","footer-sml-layout":"","theme-transparent-header-meta":"","adv-header-id-meta":"","stick-header-meta":"","header-above-stick-meta":"","header-main-stick-meta":"","header-below-stick-meta":"","astra-migrate-meta-layouts":"default","ast-page-background-enabled":"default","ast-page-background-meta":{"desktop":{"background-color":"var(--ast-global-color-4)","background-image":"","background-repeat":"repeat","background-position":"center center","background-size":"auto","background-attachment":"scroll","background-type":"","background-media":"","overlay-type":"","overlay-color":"","overlay-gradient":""},"tablet":{"background-color":"","background-image":"","background-repeat":"repeat","background-position":"center center","background-size":"auto","background-attachment":"scroll","background-type":"","background-media":"","overlay-type":"","overlay-color":"","overlay-gradient":""},"mobile":{"background-color":"","background-image":"","background-repeat":"repeat","background-position":"center center","background-size":"auto","background-attachment":"scroll","background-type":"","background-media":"","overlay-type":"","overlay-color":"","overlay-gradient":""}},"ast-content-background-meta":{"desktop":{"background-color":"var(--ast-global-color-5)","background-image":"","background-repeat":"repeat","background-position":"center center","background-size":"auto","background-attachment":"scroll","background-type":"","background-media":"","overlay-type":"","overlay-color":"","overlay-gradient":""},"tablet":{"background-color":"var(--ast-global-color-5)","background-image":"","background-repeat":"repeat","background-position":"center center","background-size":"auto","background-attachment":"scroll","background-type":"","background-media":"","overlay-type":"","overlay-color":"","overlay-gradient":""},"mobile":{"background-color":"var(--ast-global-color-5)","background-image":"","background-repeat":"repeat","background-position":"center center","background-size":"auto","background-attachment":"scroll","background-type":"","background-media":"","overlay-type":"","overlay-color":"","overlay-gradient":""}},"footnotes":""},"categories":[59,62,9386,3676],"tags":[19062,94243,19061,94244,74832,94245],"class_list":["post-35228","post","type-post","status-publish","format-standard","hentry","category-linguistica","category-linguistica-sincronica","category-salamanca","category-sociolinguistica","tag-angel-marcos-de-dios","tag-gomes-dias-guimaraes-rui-manuel","tag-jose-luis-rodriguez-fernandez","tag-josefa-postigo-maria","tag-juan-maria-carrasco-gonzalez","tag-ternelo-nunez-maria-sol"],"_links":{"self":[{"href":"https:\/\/www.deberes.net\/tesis\/wp-json\/wp\/v2\/posts\/35228","targetHints":{"allow":["GET"]}}],"collection":[{"href":"https:\/\/www.deberes.net\/tesis\/wp-json\/wp\/v2\/posts"}],"about":[{"href":"https:\/\/www.deberes.net\/tesis\/wp-json\/wp\/v2\/types\/post"}],"author":[{"embeddable":true,"href":"https:\/\/www.deberes.net\/tesis\/wp-json\/wp\/v2\/users\/1"}],"replies":[{"embeddable":true,"href":"https:\/\/www.deberes.net\/tesis\/wp-json\/wp\/v2\/comments?post=35228"}],"version-history":[{"count":0,"href":"https:\/\/www.deberes.net\/tesis\/wp-json\/wp\/v2\/posts\/35228\/revisions"}],"wp:attachment":[{"href":"https:\/\/www.deberes.net\/tesis\/wp-json\/wp\/v2\/media?parent=35228"}],"wp:term":[{"taxonomy":"category","embeddable":true,"href":"https:\/\/www.deberes.net\/tesis\/wp-json\/wp\/v2\/categories?post=35228"},{"taxonomy":"post_tag","embeddable":true,"href":"https:\/\/www.deberes.net\/tesis\/wp-json\/wp\/v2\/tags?post=35228"}],"curies":[{"name":"wp","href":"https:\/\/api.w.org\/{rel}","templated":true}]}}