{"id":35260,"date":"1998-01-01T00:00:00","date_gmt":"1998-01-01T00:00:00","guid":{"rendered":"https:\/\/www.deberes.net\/tesis\/sin-categoria\/la-cuenca-alta-del-adaja-diagnostico-geografico-y-bases-para-un-desarrollo-rural-integrado\/"},"modified":"1998-01-01T00:00:00","modified_gmt":"1998-01-01T00:00:00","slug":"la-cuenca-alta-del-adaja-diagnostico-geografico-y-bases-para-un-desarrollo-rural-integrado","status":"publish","type":"post","link":"https:\/\/www.deberes.net\/tesis\/geografia\/la-cuenca-alta-del-adaja-diagnostico-geografico-y-bases-para-un-desarrollo-rural-integrado\/","title":{"rendered":"La cuenca alta del adaja: diagnostico geografico y bases para un desarrollo rural integrado."},"content":{"rendered":"<h2>Tesis doctoral de <strong> Mar\u00eda  Jes\u00fas Sanchez Mu\u00f1oz <\/strong><\/h2>\n<p>La tesis se enmarca dentro de los cambios y transformaciones que afectan al mundo rural europeo desde los a\u00f1os 70. La necesidad de integrar estrategias de producci\u00f3n agraria con nuevos planteamientos de desarrollo diversificado de las zonas rurales, da cada vez m\u00e1s importancia al desarrollo rural, como estrategia que responde a las exigencias de adaptaci\u00f3n estructural del sector agrario y al desarrollo socioecon\u00f3mico de las zonas rurales. En el estudio se realiza un diagn\u00f3stico tanto de las transformaciones sociales, econ\u00f3micas y ambientales ocurridas en los \u00faltimos a\u00f1os, como del soporte f\u00edsico sobre el que se asientan las condiciones bi\u00f3ticas y las actividades humanas. El an\u00e1lisis detecta las debilidades, amenazas, fortalezas y oportunidades que afectan a la comarca, y concluye detallando una estrategia de desarrollo rural para la cuenca alta del adaja, estructurada en cinco l\u00edneas de actuaci\u00f3n que deber\u00edan ser los ejes del futuro plan de desarrollo:  valoraci\u00f3n del espacio natural, utilizaci\u00f3n de los recursos culturales, diversificaci\u00f3n productiva, adaptaci\u00f3n de los servicios e infraestructuras a las necesidades de una poblaci\u00f3n envejecida y formaci\u00f3n de la poblaci\u00f3n local.<\/p>\n<p>&nbsp;<\/p>\n<h3>Datos acad\u00e9micos de la tesis doctoral \u00ab<strong>La cuenca alta del adaja: diagnostico geografico y bases para un desarrollo rural integrado.<\/strong>\u00ab<\/h3>\n<ul>\n<li><strong>T\u00edtulo de la tesis:<\/strong>\u00a0 La cuenca alta del adaja: diagnostico geografico y bases para un desarrollo rural integrado. <\/li>\n<li><strong>Autor:<\/strong>\u00a0 Mar\u00eda  Jes\u00fas Sanchez Mu\u00f1oz <\/li>\n<li><strong>Universidad:<\/strong>\u00a0 Salamanca<\/li>\n<li><strong>Fecha de lectura de la tesis:<\/strong>\u00a0 01\/01\/1998<\/li>\n<\/ul>\n<p>&nbsp;<\/p>\n<h3>Direcci\u00f3n y tribunal<\/h3>\n<ul>\n<li><strong>Director de la tesis<\/strong>\n<ul>\n<li>Valentin Cabero Dieguez<\/li>\n<\/ul>\n<\/li>\n<li><strong>Tribunal<\/strong>\n<ul>\n<li>Presidente del tribunal: Eugenio Ruiz Urrestarazu <\/li>\n<li>Eduardo Araque Jimenez (vocal)<\/li>\n<li>Antonio -jos\u00e9 Campesino Fern\u00e1ndez (vocal)<\/li>\n<li>Antonio Maya Frades (vocal)<\/li>\n<\/ul>\n<\/li>\n<\/ul>\n<p>&nbsp;<\/p>\n","protected":false},"excerpt":{"rendered":"<p>Tesis doctoral de Mar\u00eda Jes\u00fas Sanchez Mu\u00f1oz La tesis se enmarca dentro de los cambios y transformaciones que afectan al [&hellip;]<\/p>\n","protected":false},"author":1,"featured_media":0,"comment_status":"open","ping_status":"open","sticky":false,"template":"","format":"standard","meta":{"site-sidebar-layout":"default","site-content-layout":"","ast-site-content-layout":"","site-content-style":"default","site-sidebar-style":"default","ast-global-header-display":"","ast-banner-title-visibility":"","ast-main-header-display":"","ast-hfb-above-header-display":"","ast-hfb-below-header-display":"","ast-hfb-mobile-header-display":"","site-post-title":"","ast-breadcrumbs-content":"","ast-featured-img":"","footer-sml-layout":"","theme-transparent-header-meta":"","adv-header-id-meta":"","stick-header-meta":"","header-above-stick-meta":"","header-main-stick-meta":"","header-below-stick-meta":"","astra-migrate-meta-layouts":"default","ast-page-background-enabled":"default","ast-page-background-meta":{"desktop":{"background-color":"var(--ast-global-color-4)","background-image":"","background-repeat":"repeat","background-position":"center center","background-size":"auto","background-attachment":"scroll","background-type":"","background-media":"","overlay-type":"","overlay-color":"","overlay-gradient":""},"tablet":{"background-color":"","background-image":"","background-repeat":"repeat","background-position":"center center","background-size":"auto","background-attachment":"scroll","background-type":"","background-media":"","overlay-type":"","overlay-color":"","overlay-gradient":""},"mobile":{"background-color":"","background-image":"","background-repeat":"repeat","background-position":"center center","background-size":"auto","background-attachment":"scroll","background-type":"","background-media":"","overlay-type":"","overlay-color":"","overlay-gradient":""}},"ast-content-background-meta":{"desktop":{"background-color":"var(--ast-global-color-5)","background-image":"","background-repeat":"repeat","background-position":"center center","background-size":"auto","background-attachment":"scroll","background-type":"","background-media":"","overlay-type":"","overlay-color":"","overlay-gradient":""},"tablet":{"background-color":"var(--ast-global-color-5)","background-image":"","background-repeat":"repeat","background-position":"center center","background-size":"auto","background-attachment":"scroll","background-type":"","background-media":"","overlay-type":"","overlay-color":"","overlay-gradient":""},"mobile":{"background-color":"var(--ast-global-color-5)","background-image":"","background-repeat":"repeat","background-position":"center center","background-size":"auto","background-attachment":"scroll","background-type":"","background-media":"","overlay-type":"","overlay-color":"","overlay-gradient":""}},"footnotes":""},"categories":[1399,3090,11298,9386],"tags":[9378,66091,22167,28374,94299,16132],"class_list":["post-35260","post","type-post","status-publish","format-standard","hentry","category-geografia","category-geografia-regional","category-geografia-rural","category-salamanca","tag-antonio-jose-campesino-fernandez","tag-antonio-maya-frades","tag-eduardo-araque-jimenez","tag-eugenio-ruiz-urrestarazu","tag-maria-jesus-sanchez-munoz","tag-valentin-cabero-dieguez"],"_links":{"self":[{"href":"https:\/\/www.deberes.net\/tesis\/wp-json\/wp\/v2\/posts\/35260","targetHints":{"allow":["GET"]}}],"collection":[{"href":"https:\/\/www.deberes.net\/tesis\/wp-json\/wp\/v2\/posts"}],"about":[{"href":"https:\/\/www.deberes.net\/tesis\/wp-json\/wp\/v2\/types\/post"}],"author":[{"embeddable":true,"href":"https:\/\/www.deberes.net\/tesis\/wp-json\/wp\/v2\/users\/1"}],"replies":[{"embeddable":true,"href":"https:\/\/www.deberes.net\/tesis\/wp-json\/wp\/v2\/comments?post=35260"}],"version-history":[{"count":0,"href":"https:\/\/www.deberes.net\/tesis\/wp-json\/wp\/v2\/posts\/35260\/revisions"}],"wp:attachment":[{"href":"https:\/\/www.deberes.net\/tesis\/wp-json\/wp\/v2\/media?parent=35260"}],"wp:term":[{"taxonomy":"category","embeddable":true,"href":"https:\/\/www.deberes.net\/tesis\/wp-json\/wp\/v2\/categories?post=35260"},{"taxonomy":"post_tag","embeddable":true,"href":"https:\/\/www.deberes.net\/tesis\/wp-json\/wp\/v2\/tags?post=35260"}],"curies":[{"name":"wp","href":"https:\/\/api.w.org\/{rel}","templated":true}]}}