{"id":35317,"date":"1998-01-01T00:00:00","date_gmt":"1998-01-01T00:00:00","guid":{"rendered":"https:\/\/www.deberes.net\/tesis\/sin-categoria\/el-mercado-de-la-tierra-y-las-estructuras-agrarias-en-las-bandas-del-sur-de-tenerife-1750-1850\/"},"modified":"1998-01-01T00:00:00","modified_gmt":"1998-01-01T00:00:00","slug":"el-mercado-de-la-tierra-y-las-estructuras-agrarias-en-las-bandas-del-sur-de-tenerife-1750-1850","status":"publish","type":"post","link":"https:\/\/www.deberes.net\/tesis\/historia\/el-mercado-de-la-tierra-y-las-estructuras-agrarias-en-las-bandas-del-sur-de-tenerife-1750-1850\/","title":{"rendered":"El mercado de la tierra y las estructuras agrarias en las bandas del sur de tenerife, 1750-1850."},"content":{"rendered":"<h2>Tesis doctoral de <strong>  Nuez Santana Juan  Carlos De La <\/strong><\/h2>\n<p>La tesis viene a probar que la comarca objeto de estudio presenta unas particularidades que la singularizan, dentro del conjunto de la isla de tenerife, en todo lo que se refiere a su historia agraria. Sobre un medio f\u00edsico dif\u00edcil, por su clima y su suelo, una colonizaci\u00f3n tard\u00eda utiliz\u00f3 el contrato enfit\u00e9utico como procedimiento fundamental de cesi\u00f3n de la tierra.  la gran propiedad b\u00e1sica, especialmente amayorazgada, domin\u00f3, mientras que la iglesia no tuvo gran protagonismo y la peque\u00f1a propiedad libre tendi\u00f3 a retroceder. La disputa por la tierra -roturaci\u00f3n de nuevos espacios agr\u00edcolas- y por el agua fue agria y enconada. La subida del valor de la renta en el tr\u00e1nsito del siglo xviii al xix acrecent\u00f3 la presi\u00f3n sobre el campesinado, hasta llegar al desalojo de los renteros.  la burgues\u00eda agraria se consolida como el grupo social que va haci\u00e9ndose con el control de los pueblos y que tiene un protagonismo mayor como compradora de tierras.  los procesos desamortizadores, aunque no liberaron gran cantidad de tierras, animan el mercado y contribuyen a ese proceso de afianzamiento de la burgues\u00eda agraria, que va desplazando a la terratenencia como grupo dominante.<\/p>\n<p>&nbsp;<\/p>\n<h3>Datos acad\u00e9micos de la tesis doctoral \u00ab<strong>El mercado de la tierra y las estructuras agrarias en las bandas del sur de tenerife, 1750-1850.<\/strong>\u00ab<\/h3>\n<ul>\n<li><strong>T\u00edtulo de la tesis:<\/strong>\u00a0 El mercado de la tierra y las estructuras agrarias en las bandas del sur de tenerife, 1750-1850. <\/li>\n<li><strong>Autor:<\/strong>\u00a0  Nuez Santana Juan  Carlos De La <\/li>\n<li><strong>Universidad:<\/strong>\u00a0 La laguna<\/li>\n<li><strong>Fecha de lectura de la tesis:<\/strong>\u00a0 01\/01\/1998<\/li>\n<\/ul>\n<p>&nbsp;<\/p>\n<h3>Direcci\u00f3n y tribunal<\/h3>\n<ul>\n<li><strong>Director de la tesis<\/strong>\n<ul>\n<li>Juan  Ramon Nu\u00f1ez Pesjano<\/li>\n<\/ul>\n<\/li>\n<li><strong>Tribunal<\/strong>\n<ul>\n<li>Presidente del tribunal: Vicente Su\u00e1rez  Grim\u00f3n <\/li>\n<li>Adolfo Arbelo Garcia (vocal)<\/li>\n<li> Monzon Perdomo Mar\u00eda  Eugenia (vocal)<\/li>\n<li> Quintana Andr\u00e9s Pedro Carmelo (vocal)<\/li>\n<\/ul>\n<\/li>\n<\/ul>\n<p>&nbsp;<\/p>\n","protected":false},"excerpt":{"rendered":"<p>Tesis doctoral de Nuez Santana Juan Carlos De La La tesis viene a probar que la comarca objeto de estudio [&hellip;]<\/p>\n","protected":false},"author":1,"featured_media":0,"comment_status":"open","ping_status":"open","sticky":false,"template":"","format":"standard","meta":{"site-sidebar-layout":"default","site-content-layout":"","ast-site-content-layout":"","site-content-style":"default","site-sidebar-style":"default","ast-global-header-display":"","ast-banner-title-visibility":"","ast-main-header-display":"","ast-hfb-above-header-display":"","ast-hfb-below-header-display":"","ast-hfb-mobile-header-display":"","site-post-title":"","ast-breadcrumbs-content":"","ast-featured-img":"","footer-sml-layout":"","theme-transparent-header-meta":"","adv-header-id-meta":"","stick-header-meta":"","header-above-stick-meta":"","header-main-stick-meta":"","header-below-stick-meta":"","astra-migrate-meta-layouts":"default","ast-page-background-enabled":"default","ast-page-background-meta":{"desktop":{"background-color":"var(--ast-global-color-4)","background-image":"","background-repeat":"repeat","background-position":"center center","background-size":"auto","background-attachment":"scroll","background-type":"","background-media":"","overlay-type":"","overlay-color":"","overlay-gradient":""},"tablet":{"background-color":"","background-image":"","background-repeat":"repeat","background-position":"center center","background-size":"auto","background-attachment":"scroll","background-type":"","background-media":"","overlay-type":"","overlay-color":"","overlay-gradient":""},"mobile":{"background-color":"","background-image":"","background-repeat":"repeat","background-position":"center center","background-size":"auto","background-attachment":"scroll","background-type":"","background-media":"","overlay-type":"","overlay-color":"","overlay-gradient":""}},"ast-content-background-meta":{"desktop":{"background-color":"var(--ast-global-color-5)","background-image":"","background-repeat":"repeat","background-position":"center center","background-size":"auto","background-attachment":"scroll","background-type":"","background-media":"","overlay-type":"","overlay-color":"","overlay-gradient":""},"tablet":{"background-color":"var(--ast-global-color-5)","background-image":"","background-repeat":"repeat","background-position":"center center","background-size":"auto","background-attachment":"scroll","background-type":"","background-media":"","overlay-type":"","overlay-color":"","overlay-gradient":""},"mobile":{"background-color":"var(--ast-global-color-5)","background-image":"","background-repeat":"repeat","background-position":"center center","background-size":"auto","background-attachment":"scroll","background-type":"","background-media":"","overlay-type":"","overlay-color":"","overlay-gradient":""}},"footnotes":""},"categories":[104,438,1015,220,222,9915],"tags":[19072,19074,75535,94404,94405,19075],"class_list":["post-35317","post","type-post","status-publish","format-standard","hentry","category-historia","category-historia-de-la-economia","category-historia-moderna-del-area-europea","category-historia-por-epocas","category-historias-especializadas","category-la-laguna","tag-adolfo-arbelo-garcia","tag-juan-ramon-nunez-pesjano","tag-monzon-perdomo-maria-eugenia","tag-nuez-santana-juan-carlos-de-la","tag-quintana-andres-pedro-carmelo","tag-vicente-suarez-grimon"],"_links":{"self":[{"href":"https:\/\/www.deberes.net\/tesis\/wp-json\/wp\/v2\/posts\/35317","targetHints":{"allow":["GET"]}}],"collection":[{"href":"https:\/\/www.deberes.net\/tesis\/wp-json\/wp\/v2\/posts"}],"about":[{"href":"https:\/\/www.deberes.net\/tesis\/wp-json\/wp\/v2\/types\/post"}],"author":[{"embeddable":true,"href":"https:\/\/www.deberes.net\/tesis\/wp-json\/wp\/v2\/users\/1"}],"replies":[{"embeddable":true,"href":"https:\/\/www.deberes.net\/tesis\/wp-json\/wp\/v2\/comments?post=35317"}],"version-history":[{"count":0,"href":"https:\/\/www.deberes.net\/tesis\/wp-json\/wp\/v2\/posts\/35317\/revisions"}],"wp:attachment":[{"href":"https:\/\/www.deberes.net\/tesis\/wp-json\/wp\/v2\/media?parent=35317"}],"wp:term":[{"taxonomy":"category","embeddable":true,"href":"https:\/\/www.deberes.net\/tesis\/wp-json\/wp\/v2\/categories?post=35317"},{"taxonomy":"post_tag","embeddable":true,"href":"https:\/\/www.deberes.net\/tesis\/wp-json\/wp\/v2\/tags?post=35317"}],"curies":[{"name":"wp","href":"https:\/\/api.w.org\/{rel}","templated":true}]}}