{"id":35324,"date":"1998-01-01T00:00:00","date_gmt":"1998-01-01T00:00:00","guid":{"rendered":"https:\/\/www.deberes.net\/tesis\/sin-categoria\/el-modelo-digital-en-la-produccion-de-imagen\/"},"modified":"1998-01-01T00:00:00","modified_gmt":"1998-01-01T00:00:00","slug":"el-modelo-digital-en-la-produccion-de-imagen","status":"publish","type":"post","link":"https:\/\/www.deberes.net\/tesis\/matematicas\/el-modelo-digital-en-la-produccion-de-imagen\/","title":{"rendered":"El modelo digital en la produccion de imagen."},"content":{"rendered":"<h2>Tesis doctoral de <strong>  Rivero Rivero Alfredo Clemente <\/strong><\/h2>\n<p>Este trabajo desarrolla la hip\u00f3tesis te\u00f3rica de que la irrupci\u00f3n de la tecnolog\u00eda digital en el \u00e1mbito de la producci\u00f3n de imagen, supone un salto cualitativo, un nuevo paradigma, que se demuestra en el cambio radical promovido por esta tecnolog\u00eda, en su aplicaci\u00f3n como sistema de representaci\u00f3n visual.  constituye un an\u00e1lisis de los diferentes \u00e1mbitos de la creaci\u00f3n gr\u00e1fica y audiovisual, que explora las consecuencias de la progresiva implantaci\u00f3n de la inform\u00e1tica en los procesos de creaci\u00f3n, indagando en sus t\u00e9cnicas y procedimientos, en los recursos gr\u00e1ficos y procesos de transformaci\u00f3n introducidos por el software de edici\u00f3n y tratamiento de imagen.  investiga la reciente evoluci\u00f3n de la imagen digital, profundizando en las consecuencias m\u00e1s importantes de la irrupci\u00f3n de los procesos digitales en los diferentes contextos de la producci\u00f3n visual, desde sus primeras aplicaciones en el cine y la televisi\u00f3n, pasando por el dise\u00f1o gr\u00e1fico, la publicidad y las manifestaciones art\u00edsticas, establece una aportaci\u00f3n en relaci\u00f3n a las tendencias y estilos de la imagen digital y define algunos de los argumentos b\u00e1sicos de sus transformaciones est\u00e9ticas.<\/p>\n<p>&nbsp;<\/p>\n<h3>Datos acad\u00e9micos de la tesis doctoral \u00ab<strong>El modelo digital en la produccion de imagen.<\/strong>\u00ab<\/h3>\n<ul>\n<li><strong>T\u00edtulo de la tesis:<\/strong>\u00a0 El modelo digital en la produccion de imagen. <\/li>\n<li><strong>Autor:<\/strong>\u00a0  Rivero Rivero Alfredo Clemente <\/li>\n<li><strong>Universidad:<\/strong>\u00a0 La laguna<\/li>\n<li><strong>Fecha de lectura de la tesis:<\/strong>\u00a0 01\/01\/1998<\/li>\n<\/ul>\n<p>&nbsp;<\/p>\n<h3>Direcci\u00f3n y tribunal<\/h3>\n<ul>\n<li><strong>Director de la tesis<\/strong>\n<ul>\n<li>Alfonso Ruiz Rallo<\/li>\n<\/ul>\n<\/li>\n<li><strong>Tribunal<\/strong>\n<ul>\n<li>Presidente del tribunal: Jordi Pericot Canaleta <\/li>\n<li> Castro Brunetto Carlos Javier (vocal)<\/li>\n<li>Jaime Hernandez Vera (vocal)<\/li>\n<li> Van Den Eynde Carmen (vocal)<\/li>\n<\/ul>\n<\/li>\n<\/ul>\n<p>&nbsp;<\/p>\n","protected":false},"excerpt":{"rendered":"<p>Tesis doctoral de Rivero Rivero Alfredo Clemente Este trabajo desarrolla la hip\u00f3tesis te\u00f3rica de que la irrupci\u00f3n de la tecnolog\u00eda [&hellip;]<\/p>\n","protected":false},"author":1,"featured_media":0,"comment_status":"open","ping_status":"open","sticky":false,"template":"","format":"standard","meta":{"site-sidebar-layout":"default","site-content-layout":"","ast-site-content-layout":"","site-content-style":"default","site-sidebar-style":"default","ast-global-header-display":"","ast-banner-title-visibility":"","ast-main-header-display":"","ast-hfb-above-header-display":"","ast-hfb-below-header-display":"","ast-hfb-mobile-header-display":"","site-post-title":"","ast-breadcrumbs-content":"","ast-featured-img":"","footer-sml-layout":"","theme-transparent-header-meta":"","adv-header-id-meta":"","stick-header-meta":"","header-above-stick-meta":"","header-main-stick-meta":"","header-below-stick-meta":"","astra-migrate-meta-layouts":"default","ast-page-background-enabled":"default","ast-page-background-meta":{"desktop":{"background-color":"var(--ast-global-color-4)","background-image":"","background-repeat":"repeat","background-position":"center center","background-size":"auto","background-attachment":"scroll","background-type":"","background-media":"","overlay-type":"","overlay-color":"","overlay-gradient":""},"tablet":{"background-color":"","background-image":"","background-repeat":"repeat","background-position":"center center","background-size":"auto","background-attachment":"scroll","background-type":"","background-media":"","overlay-type":"","overlay-color":"","overlay-gradient":""},"mobile":{"background-color":"","background-image":"","background-repeat":"repeat","background-position":"center center","background-size":"auto","background-attachment":"scroll","background-type":"","background-media":"","overlay-type":"","overlay-color":"","overlay-gradient":""}},"ast-content-background-meta":{"desktop":{"background-color":"var(--ast-global-color-5)","background-image":"","background-repeat":"repeat","background-position":"center center","background-size":"auto","background-attachment":"scroll","background-type":"","background-media":"","overlay-type":"","overlay-color":"","overlay-gradient":""},"tablet":{"background-color":"var(--ast-global-color-5)","background-image":"","background-repeat":"repeat","background-position":"center center","background-size":"auto","background-attachment":"scroll","background-type":"","background-media":"","overlay-type":"","overlay-color":"","overlay-gradient":""},"mobile":{"background-color":"var(--ast-global-color-5)","background-image":"","background-repeat":"repeat","background-position":"center center","background-size":"auto","background-attachment":"scroll","background-type":"","background-media":"","overlay-type":"","overlay-color":"","overlay-gradient":""}},"footnotes":""},"categories":[1890,147,4100,15977,9915,126,1111],"tags":[26197,94422,55482,26198,94421,94423],"class_list":["post-35324","post","type-post","status-publish","format-standard","hentry","category-ciencia-de-los-ordenadores","category-ciencias-de-las-artes-y-las-letras","category-dibujo-y-grabado","category-diseno-con-ayuda-de-ordenador","category-la-laguna","category-matematicas","category-teoria-analisis-y-critica-de-las-bellas-artes","tag-alfonso-ruiz-rallo","tag-castro-brunetto-carlos-javier","tag-jaime-hernandez-vera","tag-jordi-pericot-canaleta","tag-rivero-rivero-alfredo-clemente","tag-van-den-eynde-carmen"],"_links":{"self":[{"href":"https:\/\/www.deberes.net\/tesis\/wp-json\/wp\/v2\/posts\/35324","targetHints":{"allow":["GET"]}}],"collection":[{"href":"https:\/\/www.deberes.net\/tesis\/wp-json\/wp\/v2\/posts"}],"about":[{"href":"https:\/\/www.deberes.net\/tesis\/wp-json\/wp\/v2\/types\/post"}],"author":[{"embeddable":true,"href":"https:\/\/www.deberes.net\/tesis\/wp-json\/wp\/v2\/users\/1"}],"replies":[{"embeddable":true,"href":"https:\/\/www.deberes.net\/tesis\/wp-json\/wp\/v2\/comments?post=35324"}],"version-history":[{"count":0,"href":"https:\/\/www.deberes.net\/tesis\/wp-json\/wp\/v2\/posts\/35324\/revisions"}],"wp:attachment":[{"href":"https:\/\/www.deberes.net\/tesis\/wp-json\/wp\/v2\/media?parent=35324"}],"wp:term":[{"taxonomy":"category","embeddable":true,"href":"https:\/\/www.deberes.net\/tesis\/wp-json\/wp\/v2\/categories?post=35324"},{"taxonomy":"post_tag","embeddable":true,"href":"https:\/\/www.deberes.net\/tesis\/wp-json\/wp\/v2\/tags?post=35324"}],"curies":[{"name":"wp","href":"https:\/\/api.w.org\/{rel}","templated":true}]}}