{"id":35330,"date":"1998-01-01T00:00:00","date_gmt":"1998-01-01T00:00:00","guid":{"rendered":"https:\/\/www.deberes.net\/tesis\/sin-categoria\/estudios-estructurales-conformacionales-y-sinteticos-de-diterpenos-de-biogenesis-mixta-aislados-de-cytosseira-sp\/"},"modified":"1998-01-01T00:00:00","modified_gmt":"1998-01-01T00:00:00","slug":"estudios-estructurales-conformacionales-y-sinteticos-de-diterpenos-de-biogenesis-mixta-aislados-de-cytosseira-sp","status":"publish","type":"post","link":"https:\/\/www.deberes.net\/tesis\/quimica\/estudios-estructurales-conformacionales-y-sinteticos-de-diterpenos-de-biogenesis-mixta-aislados-de-cytosseira-sp\/","title":{"rendered":"Estudios estructurales, conformacionales y sinteticos de diterpenos de biogenesis mixta aislados de cytosseira sp."},"content":{"rendered":"<h2>Tesis doctoral de <strong> Armando Sanchez Yamaguchi <\/strong><\/h2>\n<p>A partir del extracto acet\u00f3nico del alga parda cystoseira sp, recolectada en monta\u00f1a clara, se describe el aislamiento y el an\u00e1lisis estructural, realizado esencialmente por m\u00e9todos espectrosc\u00f3picos y por un estudio conformacional por mec\u00e1nica molecular, de cuatro meroditerpenos no descritos previamente en la literatura, uno de los cuales, la claraenona, presentaba un in\u00e9dito esqueleto tric\u00edclico espirocet\u00e1lico del tipo biciclo (4.3.0)nonano, no encontrado previamente en ning\u00fan compuesto diterp\u00e9nico aislado de fuentes marinas o terrestres.  debido a la actividad citot\u00f3xica moderada que presentaba la claraenona y con el fin de estudiar una posible ruta biosint\u00e9tica que explicara su formaci\u00f3n, se realiz\u00f3 una aproximaci\u00f3n a la s\u00edntesis total de la claraenona y\/o an\u00e1logos adecuadamente funcionalizados.<\/p>\n<p>&nbsp;<\/p>\n<h3>Datos acad\u00e9micos de la tesis doctoral \u00ab<strong>Estudios estructurales, conformacionales y sinteticos de diterpenos de biogenesis mixta aislados de cytosseira sp.<\/strong>\u00ab<\/h3>\n<ul>\n<li><strong>T\u00edtulo de la tesis:<\/strong>\u00a0 Estudios estructurales, conformacionales y sinteticos de diterpenos de biogenesis mixta aislados de cytosseira sp. <\/li>\n<li><strong>Autor:<\/strong>\u00a0 Armando Sanchez Yamaguchi <\/li>\n<li><strong>Universidad:<\/strong>\u00a0 La laguna<\/li>\n<li><strong>Fecha de lectura de la tesis:<\/strong>\u00a0 01\/01\/1998<\/li>\n<\/ul>\n<p>&nbsp;<\/p>\n<h3>Direcci\u00f3n y tribunal<\/h3>\n<ul>\n<li><strong>Director de la tesis<\/strong>\n<ul>\n<li>Manuel Norte Martin<\/li>\n<\/ul>\n<\/li>\n<li><strong>Tribunal<\/strong>\n<ul>\n<li>Presidente del tribunal: Victor Sotero Martin Garcia <\/li>\n<li>Carmen Betancor Espino (vocal)<\/li>\n<li>Juan Trujillo Carre\u00f1o (vocal)<\/li>\n<li>Francisco Toledo Marante (vocal)<\/li>\n<\/ul>\n<\/li>\n<\/ul>\n<p>&nbsp;<\/p>\n","protected":false},"excerpt":{"rendered":"<p>Tesis doctoral de Armando Sanchez Yamaguchi A partir del extracto acet\u00f3nico del alga parda cystoseira sp, recolectada en monta\u00f1a clara, [&hellip;]<\/p>\n","protected":false},"author":1,"featured_media":0,"comment_status":"open","ping_status":"open","sticky":false,"template":"","format":"standard","meta":{"site-sidebar-layout":"default","site-content-layout":"","ast-site-content-layout":"","site-content-style":"default","site-sidebar-style":"default","ast-global-header-display":"","ast-banner-title-visibility":"","ast-main-header-display":"","ast-hfb-above-header-display":"","ast-hfb-below-header-display":"","ast-hfb-mobile-header-display":"","site-post-title":"","ast-breadcrumbs-content":"","ast-featured-img":"","footer-sml-layout":"","theme-transparent-header-meta":"","adv-header-id-meta":"","stick-header-meta":"","header-above-stick-meta":"","header-main-stick-meta":"","header-below-stick-meta":"","astra-migrate-meta-layouts":"default","ast-page-background-enabled":"default","ast-page-background-meta":{"desktop":{"background-color":"var(--ast-global-color-4)","background-image":"","background-repeat":"repeat","background-position":"center center","background-size":"auto","background-attachment":"scroll","background-type":"","background-media":"","overlay-type":"","overlay-color":"","overlay-gradient":""},"tablet":{"background-color":"","background-image":"","background-repeat":"repeat","background-position":"center center","background-size":"auto","background-attachment":"scroll","background-type":"","background-media":"","overlay-type":"","overlay-color":"","overlay-gradient":""},"mobile":{"background-color":"","background-image":"","background-repeat":"repeat","background-position":"center center","background-size":"auto","background-attachment":"scroll","background-type":"","background-media":"","overlay-type":"","overlay-color":"","overlay-gradient":""}},"ast-content-background-meta":{"desktop":{"background-color":"var(--ast-global-color-5)","background-image":"","background-repeat":"repeat","background-position":"center center","background-size":"auto","background-attachment":"scroll","background-type":"","background-media":"","overlay-type":"","overlay-color":"","overlay-gradient":""},"tablet":{"background-color":"var(--ast-global-color-5)","background-image":"","background-repeat":"repeat","background-position":"center center","background-size":"auto","background-attachment":"scroll","background-type":"","background-media":"","overlay-type":"","overlay-color":"","overlay-gradient":""},"mobile":{"background-color":"var(--ast-global-color-5)","background-image":"","background-repeat":"repeat","background-position":"center center","background-size":"auto","background-attachment":"scroll","background-type":"","background-media":"","overlay-type":"","overlay-color":"","overlay-gradient":""}},"footnotes":""},"categories":[160,9915,17,416,4204],"tags":[94436,79244,10063,10303,33939,3101],"class_list":["post-35330","post","type-post","status-publish","format-standard","hentry","category-bioquimica","category-la-laguna","category-quimica","category-quimica-organica","category-terpenos","tag-armando-sanchez-yamaguchi","tag-carmen-betancor-espino","tag-francisco-toledo-marante","tag-juan-trujillo-carreno","tag-manuel-norte-martin","tag-victor-sotero-martin-garcia"],"_links":{"self":[{"href":"https:\/\/www.deberes.net\/tesis\/wp-json\/wp\/v2\/posts\/35330","targetHints":{"allow":["GET"]}}],"collection":[{"href":"https:\/\/www.deberes.net\/tesis\/wp-json\/wp\/v2\/posts"}],"about":[{"href":"https:\/\/www.deberes.net\/tesis\/wp-json\/wp\/v2\/types\/post"}],"author":[{"embeddable":true,"href":"https:\/\/www.deberes.net\/tesis\/wp-json\/wp\/v2\/users\/1"}],"replies":[{"embeddable":true,"href":"https:\/\/www.deberes.net\/tesis\/wp-json\/wp\/v2\/comments?post=35330"}],"version-history":[{"count":0,"href":"https:\/\/www.deberes.net\/tesis\/wp-json\/wp\/v2\/posts\/35330\/revisions"}],"wp:attachment":[{"href":"https:\/\/www.deberes.net\/tesis\/wp-json\/wp\/v2\/media?parent=35330"}],"wp:term":[{"taxonomy":"category","embeddable":true,"href":"https:\/\/www.deberes.net\/tesis\/wp-json\/wp\/v2\/categories?post=35330"},{"taxonomy":"post_tag","embeddable":true,"href":"https:\/\/www.deberes.net\/tesis\/wp-json\/wp\/v2\/tags?post=35330"}],"curies":[{"name":"wp","href":"https:\/\/api.w.org\/{rel}","templated":true}]}}