{"id":35371,"date":"1998-01-01T00:00:00","date_gmt":"1998-01-01T00:00:00","guid":{"rendered":"https:\/\/www.deberes.net\/tesis\/sin-categoria\/contribucion-al-desarrollo-de-los-sensores-de-fibra-optica-modulados-en-intensidad-para-la-medida-de-magnitudes-mecanicas-y-medioambientales\/"},"modified":"1998-01-01T00:00:00","modified_gmt":"1998-01-01T00:00:00","slug":"contribucion-al-desarrollo-de-los-sensores-de-fibra-optica-modulados-en-intensidad-para-la-medida-de-magnitudes-mecanicas-y-medioambientales","status":"publish","type":"post","link":"https:\/\/www.deberes.net\/tesis\/ciencias-tecnologicas\/contribucion-al-desarrollo-de-los-sensores-de-fibra-optica-modulados-en-intensidad-para-la-medida-de-magnitudes-mecanicas-y-medioambientales\/","title":{"rendered":"Contribucion al desarrollo de los sensores de fibra optica modulados en intensidad para la medida de magnitudes mecanicas y medioambientales."},"content":{"rendered":"<h2>Tesis doctoral de <strong>  Marante Rabago Miguel Angel <\/strong><\/h2>\n<p>Los estudios llevados a cabo se refieren a dos mecanismos de modulaci\u00f3n de intensidad. El primero consiste en el desplazamiento f\u00edsico del extremo de una fibra \u00f3ptica que emite luz con respecto a un conjunto de fibras que la recogen parcialmente, en funci\u00f3n de la posici\u00f3n de la primera; y su aplicaci\u00f3n es la medida de magnitudes de tipo mec\u00e1nico, tales como aceleraci\u00f3n, posici\u00f3n, yt otras relacionadas. En el segundo caso, la intensidad se modula por la absorci\u00f3n que produce un gas interpuesto en el camino de un haz de radiaci\u00f3n entre dos fibras \u00f3pticas; y las aportaciones tienen aplicaci\u00f3n en la detecci\u00f3n de contaminantes del medio ambiente.<\/p>\n<p>&nbsp;<\/p>\n<h3>Datos acad\u00e9micos de la tesis doctoral \u00ab<strong>Contribucion al desarrollo de los sensores de fibra optica modulados en intensidad para la medida de magnitudes mecanicas y medioambientales.<\/strong>\u00ab<\/h3>\n<ul>\n<li><strong>T\u00edtulo de la tesis:<\/strong>\u00a0 Contribucion al desarrollo de los sensores de fibra optica modulados en intensidad para la medida de magnitudes mecanicas y medioambientales. <\/li>\n<li><strong>Autor:<\/strong>\u00a0  Marante Rabago Miguel Angel <\/li>\n<li><strong>Universidad:<\/strong>\u00a0 Cantabria<\/li>\n<li><strong>Fecha de lectura de la tesis:<\/strong>\u00a0 01\/01\/1998<\/li>\n<\/ul>\n<p>&nbsp;<\/p>\n<h3>Direcci\u00f3n y tribunal<\/h3>\n<ul>\n<li><strong>Director de la tesis<\/strong>\n<ul>\n<li>Jos\u00e9 Miguel Lopez Higuera<\/li>\n<\/ul>\n<\/li>\n<li><strong>Tribunal<\/strong>\n<ul>\n<li>Presidente del tribunal: Jos\u00e9 Antonio Martin Pereda <\/li>\n<li>Carlos Gomez Reino Carnota (vocal)<\/li>\n<li>Miguel \u00e1ngel Rebolledo Sanz (vocal)<\/li>\n<li>Elias Mu\u00f1oz Merino (vocal)<\/li>\n<\/ul>\n<\/li>\n<\/ul>\n<p>&nbsp;<\/p>\n","protected":false},"excerpt":{"rendered":"<p>Tesis doctoral de Marante Rabago Miguel Angel Los estudios llevados a cabo se refieren a dos mecanismos de modulaci\u00f3n de [&hellip;]<\/p>\n","protected":false},"author":1,"featured_media":0,"comment_status":"open","ping_status":"open","sticky":false,"template":"","format":"standard","meta":{"site-sidebar-layout":"default","site-content-layout":"","ast-site-content-layout":"","site-content-style":"default","site-sidebar-style":"default","ast-global-header-display":"","ast-banner-title-visibility":"","ast-main-header-display":"","ast-hfb-above-header-display":"","ast-hfb-below-header-display":"","ast-hfb-mobile-header-display":"","site-post-title":"","ast-breadcrumbs-content":"","ast-featured-img":"","footer-sml-layout":"","theme-transparent-header-meta":"","adv-header-id-meta":"","stick-header-meta":"","header-above-stick-meta":"","header-main-stick-meta":"","header-below-stick-meta":"","astra-migrate-meta-layouts":"default","ast-page-background-enabled":"default","ast-page-background-meta":{"desktop":{"background-color":"var(--ast-global-color-4)","background-image":"","background-repeat":"repeat","background-position":"center center","background-size":"auto","background-attachment":"scroll","background-type":"","background-media":"","overlay-type":"","overlay-color":"","overlay-gradient":""},"tablet":{"background-color":"","background-image":"","background-repeat":"repeat","background-position":"center center","background-size":"auto","background-attachment":"scroll","background-type":"","background-media":"","overlay-type":"","overlay-color":"","overlay-gradient":""},"mobile":{"background-color":"","background-image":"","background-repeat":"repeat","background-position":"center center","background-size":"auto","background-attachment":"scroll","background-type":"","background-media":"","overlay-type":"","overlay-color":"","overlay-gradient":""}},"ast-content-background-meta":{"desktop":{"background-color":"var(--ast-global-color-5)","background-image":"","background-repeat":"repeat","background-position":"center center","background-size":"auto","background-attachment":"scroll","background-type":"","background-media":"","overlay-type":"","overlay-color":"","overlay-gradient":""},"tablet":{"background-color":"var(--ast-global-color-5)","background-image":"","background-repeat":"repeat","background-position":"center center","background-size":"auto","background-attachment":"scroll","background-type":"","background-media":"","overlay-type":"","overlay-color":"","overlay-gradient":""},"mobile":{"background-color":"var(--ast-global-color-5)","background-image":"","background-repeat":"repeat","background-position":"center center","background-size":"auto","background-attachment":"scroll","background-type":"","background-media":"","overlay-type":"","overlay-color":"","overlay-gradient":""}},"footnotes":""},"categories":[10518,332,15901,2489,3706],"tags":[11796,14753,7182,16213,94505,6877],"class_list":["post-35371","post","type-post","status-publish","format-standard","hentry","category-cantabria","category-ciencias-tecnologicas","category-comunicaciones-por-fibra-optica","category-tecnologia-de-las-telecomunicaciones","category-tecnologia-electronica","tag-carlos-gomez-reino-carnota","tag-elias-munoz-merino","tag-jose-antonio-martin-pereda","tag-jose-miguel-lopez-higuera","tag-marante-rabago-miguel-angel","tag-miguel-angel-rebolledo-sanz"],"_links":{"self":[{"href":"https:\/\/www.deberes.net\/tesis\/wp-json\/wp\/v2\/posts\/35371","targetHints":{"allow":["GET"]}}],"collection":[{"href":"https:\/\/www.deberes.net\/tesis\/wp-json\/wp\/v2\/posts"}],"about":[{"href":"https:\/\/www.deberes.net\/tesis\/wp-json\/wp\/v2\/types\/post"}],"author":[{"embeddable":true,"href":"https:\/\/www.deberes.net\/tesis\/wp-json\/wp\/v2\/users\/1"}],"replies":[{"embeddable":true,"href":"https:\/\/www.deberes.net\/tesis\/wp-json\/wp\/v2\/comments?post=35371"}],"version-history":[{"count":0,"href":"https:\/\/www.deberes.net\/tesis\/wp-json\/wp\/v2\/posts\/35371\/revisions"}],"wp:attachment":[{"href":"https:\/\/www.deberes.net\/tesis\/wp-json\/wp\/v2\/media?parent=35371"}],"wp:term":[{"taxonomy":"category","embeddable":true,"href":"https:\/\/www.deberes.net\/tesis\/wp-json\/wp\/v2\/categories?post=35371"},{"taxonomy":"post_tag","embeddable":true,"href":"https:\/\/www.deberes.net\/tesis\/wp-json\/wp\/v2\/tags?post=35371"}],"curies":[{"name":"wp","href":"https:\/\/api.w.org\/{rel}","templated":true}]}}