{"id":35396,"date":"1998-01-01T00:00:00","date_gmt":"1998-01-01T00:00:00","guid":{"rendered":"https:\/\/www.deberes.net\/tesis\/sin-categoria\/representabilidad-finita-por-cocientes-y-operadores\/"},"modified":"1998-01-01T00:00:00","modified_gmt":"1998-01-01T00:00:00","slug":"representabilidad-finita-por-cocientes-y-operadores","status":"publish","type":"post","link":"https:\/\/www.deberes.net\/tesis\/matematicas\/representabilidad-finita-por-cocientes-y-operadores\/","title":{"rendered":"Representabilidad finita por cocientes y operadores."},"content":{"rendered":"<h2>Tesis doctoral de <strong> Manuela Basallote Galvan <\/strong><\/h2>\n<p>El punto de partida de la memoria es el concepto de representabilidad finita entre espacios de banach. En 1978, j. Stern propuso un concepto dual al de representabilidad finita dejando abiertas algunas cuestiones. En esta memoria, abordamos tres l\u00edneas de trabajo. En la primera, partimos de uno de los resultados m\u00e1s profundos de la teor\u00eda local de espacios de banach, la dualidad local de ultraproductos, y encontramos nuevas variantes del mismo. En la segunda, contestamos negativamente a las cuestiones planteadas por j. Stern y comprobamos como la definici\u00f3n de representabilidad finita por cocientes (introducida de modo incidental por heinrich en 1980) encaja satisfactoriamente como concepto dual al de representabilidad finita. La tercera l\u00ednea la dedicamos a extender el concepto de representabilidad finita y representabilidad finita por cocientes a operadores distintos de la identidad, apareciendo de esta manera las nociones de representabilidad y q-representabilidad finita de operadores.<\/p>\n<p>&nbsp;<\/p>\n<h3>Datos acad\u00e9micos de la tesis doctoral \u00ab<strong>Representabilidad finita por cocientes y operadores.<\/strong>\u00ab<\/h3>\n<ul>\n<li><strong>T\u00edtulo de la tesis:<\/strong>\u00a0 Representabilidad finita por cocientes y operadores. <\/li>\n<li><strong>Autor:<\/strong>\u00a0 Manuela Basallote Galvan <\/li>\n<li><strong>Universidad:<\/strong>\u00a0 Sevilla<\/li>\n<li><strong>Fecha de lectura de la tesis:<\/strong>\u00a0 01\/01\/1998<\/li>\n<\/ul>\n<p>&nbsp;<\/p>\n<h3>Direcci\u00f3n y tribunal<\/h3>\n<ul>\n<li><strong>Director de la tesis<\/strong>\n<ul>\n<li>Santiago D\u00edaz Madrigal<\/li>\n<\/ul>\n<\/li>\n<li><strong>Tribunal<\/strong>\n<ul>\n<li>Presidente del tribunal: Luis M. Arias De Reyna Martinez <\/li>\n<li>Jos\u00e9 Bonet Solves (vocal)<\/li>\n<li>Pedro Jos\u00e9 Pa\u00fal Escolano (vocal)<\/li>\n<li>Manuel Gonzalez Ortiz (vocal)<\/li>\n<\/ul>\n<\/li>\n<\/ul>\n<p>&nbsp;<\/p>\n","protected":false},"excerpt":{"rendered":"<p>Tesis doctoral de Manuela Basallote Galvan El punto de partida de la memoria es el concepto de representabilidad finita entre [&hellip;]<\/p>\n","protected":false},"author":1,"featured_media":0,"comment_status":"open","ping_status":"open","sticky":false,"template":"","format":"standard","meta":{"site-sidebar-layout":"default","site-content-layout":"","ast-site-content-layout":"","site-content-style":"default","site-sidebar-style":"default","ast-global-header-display":"","ast-banner-title-visibility":"","ast-main-header-display":"","ast-hfb-above-header-display":"","ast-hfb-below-header-display":"","ast-hfb-mobile-header-display":"","site-post-title":"","ast-breadcrumbs-content":"","ast-featured-img":"","footer-sml-layout":"","theme-transparent-header-meta":"","adv-header-id-meta":"","stick-header-meta":"","header-above-stick-meta":"","header-main-stick-meta":"","header-below-stick-meta":"","astra-migrate-meta-layouts":"default","ast-page-background-enabled":"default","ast-page-background-meta":{"desktop":{"background-color":"var(--ast-global-color-4)","background-image":"","background-repeat":"repeat","background-position":"center center","background-size":"auto","background-attachment":"scroll","background-type":"","background-media":"","overlay-type":"","overlay-color":"","overlay-gradient":""},"tablet":{"background-color":"","background-image":"","background-repeat":"repeat","background-position":"center center","background-size":"auto","background-attachment":"scroll","background-type":"","background-media":"","overlay-type":"","overlay-color":"","overlay-gradient":""},"mobile":{"background-color":"","background-image":"","background-repeat":"repeat","background-position":"center center","background-size":"auto","background-attachment":"scroll","background-type":"","background-media":"","overlay-type":"","overlay-color":"","overlay-gradient":""}},"ast-content-background-meta":{"desktop":{"background-color":"var(--ast-global-color-5)","background-image":"","background-repeat":"repeat","background-position":"center center","background-size":"auto","background-attachment":"scroll","background-type":"","background-media":"","overlay-type":"","overlay-color":"","overlay-gradient":""},"tablet":{"background-color":"var(--ast-global-color-5)","background-image":"","background-repeat":"repeat","background-position":"center center","background-size":"auto","background-attachment":"scroll","background-type":"","background-media":"","overlay-type":"","overlay-color":"","overlay-gradient":""},"mobile":{"background-color":"var(--ast-global-color-5)","background-image":"","background-repeat":"repeat","background-position":"center center","background-size":"auto","background-attachment":"scroll","background-type":"","background-media":"","overlay-type":"","overlay-color":"","overlay-gradient":""}},"footnotes":""},"categories":[3564,3183,126,10715],"tags":[41693,2109,6192,94548,3569,42705],"class_list":["post-35396","post","type-post","status-publish","format-standard","hentry","category-algebras-y-espacios-de-banach","category-analisis-y-analisis-funcional","category-matematicas","category-sevilla","tag-jose-bonet-solves","tag-luis-m-arias-de-reyna-Martinez","tag-manuel-gonzalez-ortiz","tag-manuela-basallote-galvan","tag-pedro-jose-paul-escolano","tag-santiago-diaz-madrigal"],"_links":{"self":[{"href":"https:\/\/www.deberes.net\/tesis\/wp-json\/wp\/v2\/posts\/35396","targetHints":{"allow":["GET"]}}],"collection":[{"href":"https:\/\/www.deberes.net\/tesis\/wp-json\/wp\/v2\/posts"}],"about":[{"href":"https:\/\/www.deberes.net\/tesis\/wp-json\/wp\/v2\/types\/post"}],"author":[{"embeddable":true,"href":"https:\/\/www.deberes.net\/tesis\/wp-json\/wp\/v2\/users\/1"}],"replies":[{"embeddable":true,"href":"https:\/\/www.deberes.net\/tesis\/wp-json\/wp\/v2\/comments?post=35396"}],"version-history":[{"count":0,"href":"https:\/\/www.deberes.net\/tesis\/wp-json\/wp\/v2\/posts\/35396\/revisions"}],"wp:attachment":[{"href":"https:\/\/www.deberes.net\/tesis\/wp-json\/wp\/v2\/media?parent=35396"}],"wp:term":[{"taxonomy":"category","embeddable":true,"href":"https:\/\/www.deberes.net\/tesis\/wp-json\/wp\/v2\/categories?post=35396"},{"taxonomy":"post_tag","embeddable":true,"href":"https:\/\/www.deberes.net\/tesis\/wp-json\/wp\/v2\/tags?post=35396"}],"curies":[{"name":"wp","href":"https:\/\/api.w.org\/{rel}","templated":true}]}}