{"id":35421,"date":"1998-01-01T00:00:00","date_gmt":"1998-01-01T00:00:00","guid":{"rendered":"https:\/\/www.deberes.net\/tesis\/sin-categoria\/novelas-de-contemporaneos-una-propuesta-en-el-debate-sobre-la-cultura-mexicana-de-los-anos-veinte\/"},"modified":"1998-01-01T00:00:00","modified_gmt":"1998-01-01T00:00:00","slug":"novelas-de-contemporaneos-una-propuesta-en-el-debate-sobre-la-cultura-mexicana-de-los-anos-veinte","status":"publish","type":"post","link":"https:\/\/www.deberes.net\/tesis\/historia\/novelas-de-contemporaneos-una-propuesta-en-el-debate-sobre-la-cultura-mexicana-de-los-anos-veinte\/","title":{"rendered":"Novelas de contemporaneos. una propuesta en el debate sobre la cultura mexicana de los a\u00f1os veinte."},"content":{"rendered":"<h2>Tesis doctoral de <strong> Rosa Garcia Gutierrez <\/strong><\/h2>\n<p>Durante la segunda mitad de los a\u00f1os veinte el grupo mexicano contempor\u00e1neos produjo una importante obra narrativa que la cr\u00edtica ha descuidado atendiendo al prestigio que los miembros del grupo poseen como poetas y ensayistas. Un hecho que ha perjudicado especialmente el an\u00e1lisis cabal de las novelas de los contempor\u00e1neos ha sido su inclusi\u00f3n en el caj\u00f3n de sastre de la llamada prosa hisp\u00e1nica de vanguardia. Lugares comunes establecidos por la cr\u00edtica al caracterizar el vanguardismo -el cosmopilitismo, el experimentalismo, el artepurismo o la falta de implicaci\u00f3n en problemas pol\u00edticos o debates sobre la identidad- han hecho que el fondo ideol\u00f3gico subyacente a la narrativa de los contempor\u00e1neos pase desapercibido. Ese fondo tiene que ver con la peculiar situaci\u00f3n pol\u00edtico-cultural del m\u00e9xico de los a\u00f1os veinte, a\u00f1os claves en la formaci\u00f3n y definici\u00f3n de la cultura mexicana y en la delimitaci\u00f3n de la tradici\u00f3n literaria nacional. El intenso nacionalismo que caracteriz\u00f3 la presidencia de plutarco el\u00edas calles, ayud\u00f3 a conformar determinados prototipos de mexicanidad y expresi\u00f3n literaria y art\u00edstica nacional, uno de los cuales fue la llamada novela de la revoluci\u00f3n. Como alternativa a los conceptos de tradici\u00f3n mexicana, revoluci\u00f3n y expresi\u00f3n nacional, subyacentes a ese prototipo que se afianzaba con fuerza en la segunda mitad de los veinte, los contempor\u00e1neos escribieron sus novelas que es preciso entender en el contexto general de un programa cultural amplio (poes\u00eda, teatro, pintura) emprendido por el grupo para frenar el avance de los efectos del nacionalismo sobre la cultura. La revista ulises cuyo ap\u00e9ndice editorial se encarg\u00f3 de publicar la mayor parte de estas novelas, fue el medio a trav\u00e9s del cual los contempor\u00e1neos delimitaron su propuesta de literatura nacional y revolucionaria frente a los estereotipos que se institucionalizaban desde el estado; expusieron su lectura peculiar de la<\/p>\n<p>&nbsp;<\/p>\n<h3>Datos acad\u00e9micos de la tesis doctoral \u00ab<strong>Novelas de contemporaneos. una propuesta en el debate sobre la cultura mexicana de los a\u00f1os veinte.<\/strong>\u00ab<\/h3>\n<ul>\n<li><strong>T\u00edtulo de la tesis:<\/strong>\u00a0 Novelas de contemporaneos. una propuesta en el debate sobre la cultura mexicana de los a\u00f1os veinte. <\/li>\n<li><strong>Autor:<\/strong>\u00a0 Rosa Garcia Gutierrez <\/li>\n<li><strong>Universidad:<\/strong>\u00a0 Sevilla<\/li>\n<li><strong>Fecha de lectura de la tesis:<\/strong>\u00a0 01\/01\/1998<\/li>\n<\/ul>\n<p>&nbsp;<\/p>\n<h3>Direcci\u00f3n y tribunal<\/h3>\n<ul>\n<li><strong>Director de la tesis<\/strong>\n<ul>\n<li>Carmen De Mora Valcarcel<\/li>\n<\/ul>\n<\/li>\n<li><strong>Tribunal<\/strong>\n<ul>\n<li>Presidente del tribunal: Teodosio Fernandez Rodriguez <\/li>\n<li>Jos\u00e9 Carlos Gonzalez Boixo (vocal)<\/li>\n<li>Trinidad Barrera Lopez (vocal)<\/li>\n<li>  (vocal)<\/li>\n<\/ul>\n<\/li>\n<\/ul>\n<p>&nbsp;<\/p>\n","protected":false},"excerpt":{"rendered":"<p>Tesis doctoral de Rosa Garcia Gutierrez Durante la segunda mitad de los a\u00f1os veinte el grupo mexicano contempor\u00e1neos produjo una [&hellip;]<\/p>\n","protected":false},"author":1,"featured_media":0,"comment_status":"open","ping_status":"open","sticky":false,"template":"","format":"standard","meta":{"site-sidebar-layout":"default","site-content-layout":"","ast-site-content-layout":"","site-content-style":"default","site-sidebar-style":"default","ast-global-header-display":"","ast-banner-title-visibility":"","ast-main-header-display":"","ast-hfb-above-header-display":"","ast-hfb-below-header-display":"","ast-hfb-mobile-header-display":"","site-post-title":"","ast-breadcrumbs-content":"","ast-featured-img":"","footer-sml-layout":"","theme-transparent-header-meta":"","adv-header-id-meta":"","stick-header-meta":"","header-above-stick-meta":"","header-main-stick-meta":"","header-below-stick-meta":"","astra-migrate-meta-layouts":"default","ast-page-background-enabled":"default","ast-page-background-meta":{"desktop":{"background-color":"var(--ast-global-color-4)","background-image":"","background-repeat":"repeat","background-position":"center center","background-size":"auto","background-attachment":"scroll","background-type":"","background-media":"","overlay-type":"","overlay-color":"","overlay-gradient":""},"tablet":{"background-color":"","background-image":"","background-repeat":"repeat","background-position":"center center","background-size":"auto","background-attachment":"scroll","background-type":"","background-media":"","overlay-type":"","overlay-color":"","overlay-gradient":""},"mobile":{"background-color":"","background-image":"","background-repeat":"repeat","background-position":"center center","background-size":"auto","background-attachment":"scroll","background-type":"","background-media":"","overlay-type":"","overlay-color":"","overlay-gradient":""}},"ast-content-background-meta":{"desktop":{"background-color":"var(--ast-global-color-5)","background-image":"","background-repeat":"repeat","background-position":"center center","background-size":"auto","background-attachment":"scroll","background-type":"","background-media":"","overlay-type":"","overlay-color":"","overlay-gradient":""},"tablet":{"background-color":"var(--ast-global-color-5)","background-image":"","background-repeat":"repeat","background-position":"center center","background-size":"auto","background-attachment":"scroll","background-type":"","background-media":"","overlay-type":"","overlay-color":"","overlay-gradient":""},"mobile":{"background-color":"var(--ast-global-color-5)","background-image":"","background-repeat":"repeat","background-position":"center center","background-size":"auto","background-attachment":"scroll","background-type":"","background-media":"","overlay-type":"","overlay-color":"","overlay-gradient":""}},"footnotes":""},"categories":[104,713,6480,222,10715],"tags":[60395,6407,42269,4849,11168],"class_list":["post-35421","post","type-post","status-publish","format-standard","hentry","category-historia","category-historia-de-la-literatura","category-historia-social-y-cultural-de-america","category-historias-especializadas","category-sevilla","tag-carmen-de-mora-valcarcel","tag-jose-carlos-gonzalez-boixo","tag-rosa-garcia-gutierrez","tag-teodosio-fernandez-rodriguez","tag-trinidad-barrera-lopez"],"_links":{"self":[{"href":"https:\/\/www.deberes.net\/tesis\/wp-json\/wp\/v2\/posts\/35421","targetHints":{"allow":["GET"]}}],"collection":[{"href":"https:\/\/www.deberes.net\/tesis\/wp-json\/wp\/v2\/posts"}],"about":[{"href":"https:\/\/www.deberes.net\/tesis\/wp-json\/wp\/v2\/types\/post"}],"author":[{"embeddable":true,"href":"https:\/\/www.deberes.net\/tesis\/wp-json\/wp\/v2\/users\/1"}],"replies":[{"embeddable":true,"href":"https:\/\/www.deberes.net\/tesis\/wp-json\/wp\/v2\/comments?post=35421"}],"version-history":[{"count":0,"href":"https:\/\/www.deberes.net\/tesis\/wp-json\/wp\/v2\/posts\/35421\/revisions"}],"wp:attachment":[{"href":"https:\/\/www.deberes.net\/tesis\/wp-json\/wp\/v2\/media?parent=35421"}],"wp:term":[{"taxonomy":"category","embeddable":true,"href":"https:\/\/www.deberes.net\/tesis\/wp-json\/wp\/v2\/categories?post=35421"},{"taxonomy":"post_tag","embeddable":true,"href":"https:\/\/www.deberes.net\/tesis\/wp-json\/wp\/v2\/tags?post=35421"}],"curies":[{"name":"wp","href":"https:\/\/api.w.org\/{rel}","templated":true}]}}