{"id":35424,"date":"1998-01-01T00:00:00","date_gmt":"1998-01-01T00:00:00","guid":{"rendered":"https:\/\/www.deberes.net\/tesis\/sin-categoria\/ambliopia-y-percepcion-visomotora\/"},"modified":"1998-01-01T00:00:00","modified_gmt":"1998-01-01T00:00:00","slug":"ambliopia-y-percepcion-visomotora","status":"publish","type":"post","link":"https:\/\/www.deberes.net\/tesis\/ciencias-medicas\/ambliopia-y-percepcion-visomotora\/","title":{"rendered":"Ambliopia y percepcion visomotora."},"content":{"rendered":"<h2>Tesis doctoral de <strong> Emilia Garcia Robles <\/strong><\/h2>\n<p>El objetivo de este trabajo es comprobar si los ni\u00f1os ambl\u00edopes presentan alteraciones en la percepci\u00f3n visomotora. Estos ni\u00f1os debutan con problemas sensoriales como aberraciones en la percepci\u00f3n espacial; al ser \u00e9sta parte integrante de la percepci\u00f3n visomotora, \u00e9sta puede estar tambi\u00e9n afectada. La percepci\u00f3n visomotora ha sido medida a trav\u00e9s del test de lauretta bender y el test de los cubos de kohs. Con estos tests no s\u00f3lo se mide la maduraci\u00f3n del individuo sino la posible presencia de perturbaciones emocionales y de lesiones neurol\u00f3gicas.  tras el an\u00e1lisis de los datos concluimos que existe una relaci\u00f3n estad\u00edsticamente significativa entre el rendimiento y la presencia de \u00f3 = 3 indicadores de lesi\u00f3n neurol\u00f3gica o emocional, pero no con el hecho de pertenecer a un grupo de ambliop\u00eda. Asimismo observamos a trav\u00e9s de dos cuestionarios, el cuestionario cl\u00ednico psicopatol\u00f3gico infantil reducido y el cuestionario socio-familiar y cultural, que el ambiente familiar y extrafamiliar no diferencia al grupo ambl\u00edope del que no lo es, pero s\u00ed a los ni\u00f1os con des\u00f3rdenes emocionales.<\/p>\n<p>&nbsp;<\/p>\n<h3>Datos acad\u00e9micos de la tesis doctoral \u00ab<strong>Ambliopia y percepcion visomotora.<\/strong>\u00ab<\/h3>\n<ul>\n<li><strong>T\u00edtulo de la tesis:<\/strong>\u00a0 Ambliopia y percepcion visomotora. <\/li>\n<li><strong>Autor:<\/strong>\u00a0 Emilia Garcia Robles <\/li>\n<li><strong>Universidad:<\/strong>\u00a0 Sevilla<\/li>\n<li><strong>Fecha de lectura de la tesis:<\/strong>\u00a0 01\/01\/1998<\/li>\n<\/ul>\n<p>&nbsp;<\/p>\n<h3>Direcci\u00f3n y tribunal<\/h3>\n<ul>\n<li><strong>Director de la tesis<\/strong>\n<ul>\n<li>Antonio Pi\u00f1ero Bustamante<\/li>\n<\/ul>\n<\/li>\n<li><strong>Tribunal<\/strong>\n<ul>\n<li>Presidente del tribunal:  Zato Gomez De Lia\u00f1o Miguel Angel <\/li>\n<li> Gomez De Terrero Montserrat (vocal)<\/li>\n<li>Diego Puertas Bordallo (vocal)<\/li>\n<li> Calandria Amiguetti J. M. (vocal)<\/li>\n<\/ul>\n<\/li>\n<\/ul>\n<p>&nbsp;<\/p>\n","protected":false},"excerpt":{"rendered":"<p>Tesis doctoral de Emilia Garcia Robles El objetivo de este trabajo es comprobar si los ni\u00f1os ambl\u00edopes presentan alteraciones en [&hellip;]<\/p>\n","protected":false},"author":1,"featured_media":0,"comment_status":"open","ping_status":"open","sticky":false,"template":"","format":"standard","meta":{"site-sidebar-layout":"default","site-content-layout":"","ast-site-content-layout":"","site-content-style":"default","site-sidebar-style":"default","ast-global-header-display":"","ast-banner-title-visibility":"","ast-main-header-display":"","ast-hfb-above-header-display":"","ast-hfb-below-header-display":"","ast-hfb-mobile-header-display":"","site-post-title":"","ast-breadcrumbs-content":"","ast-featured-img":"","footer-sml-layout":"","theme-transparent-header-meta":"","adv-header-id-meta":"","stick-header-meta":"","header-above-stick-meta":"","header-main-stick-meta":"","header-below-stick-meta":"","astra-migrate-meta-layouts":"default","ast-page-background-enabled":"default","ast-page-background-meta":{"desktop":{"background-color":"var(--ast-global-color-4)","background-image":"","background-repeat":"repeat","background-position":"center center","background-size":"auto","background-attachment":"scroll","background-type":"","background-media":"","overlay-type":"","overlay-color":"","overlay-gradient":""},"tablet":{"background-color":"","background-image":"","background-repeat":"repeat","background-position":"center center","background-size":"auto","background-attachment":"scroll","background-type":"","background-media":"","overlay-type":"","overlay-color":"","overlay-gradient":""},"mobile":{"background-color":"","background-image":"","background-repeat":"repeat","background-position":"center center","background-size":"auto","background-attachment":"scroll","background-type":"","background-media":"","overlay-type":"","overlay-color":"","overlay-gradient":""}},"ast-content-background-meta":{"desktop":{"background-color":"var(--ast-global-color-5)","background-image":"","background-repeat":"repeat","background-position":"center center","background-size":"auto","background-attachment":"scroll","background-type":"","background-media":"","overlay-type":"","overlay-color":"","overlay-gradient":""},"tablet":{"background-color":"var(--ast-global-color-5)","background-image":"","background-repeat":"repeat","background-position":"center center","background-size":"auto","background-attachment":"scroll","background-type":"","background-media":"","overlay-type":"","overlay-color":"","overlay-gradient":""},"mobile":{"background-color":"var(--ast-global-color-5)","background-image":"","background-repeat":"repeat","background-position":"center center","background-size":"auto","background-attachment":"scroll","background-type":"","background-media":"","overlay-type":"","overlay-color":"","overlay-gradient":""}},"footnotes":""},"categories":[155,9,141,2606,988,10715],"tags":[4405,94602,94601,94599,94600,6444],"class_list":["post-35424","post","type-post","status-publish","format-standard","hentry","category-ciencias-clinicas","category-ciencias-medicas","category-cirugia","category-cirugia-ocular","category-oftalmologia","category-sevilla","tag-antonio-pinero-bustamante","tag-calandria-amiguetti-j-m","tag-diego-puertas-bordallo","tag-emilia-garcia-robles","tag-gomez-de-terrero-montserrat","tag-zato-gomez-de-liano-miguel-angel"],"_links":{"self":[{"href":"https:\/\/www.deberes.net\/tesis\/wp-json\/wp\/v2\/posts\/35424","targetHints":{"allow":["GET"]}}],"collection":[{"href":"https:\/\/www.deberes.net\/tesis\/wp-json\/wp\/v2\/posts"}],"about":[{"href":"https:\/\/www.deberes.net\/tesis\/wp-json\/wp\/v2\/types\/post"}],"author":[{"embeddable":true,"href":"https:\/\/www.deberes.net\/tesis\/wp-json\/wp\/v2\/users\/1"}],"replies":[{"embeddable":true,"href":"https:\/\/www.deberes.net\/tesis\/wp-json\/wp\/v2\/comments?post=35424"}],"version-history":[{"count":0,"href":"https:\/\/www.deberes.net\/tesis\/wp-json\/wp\/v2\/posts\/35424\/revisions"}],"wp:attachment":[{"href":"https:\/\/www.deberes.net\/tesis\/wp-json\/wp\/v2\/media?parent=35424"}],"wp:term":[{"taxonomy":"category","embeddable":true,"href":"https:\/\/www.deberes.net\/tesis\/wp-json\/wp\/v2\/categories?post=35424"},{"taxonomy":"post_tag","embeddable":true,"href":"https:\/\/www.deberes.net\/tesis\/wp-json\/wp\/v2\/tags?post=35424"}],"curies":[{"name":"wp","href":"https:\/\/api.w.org\/{rel}","templated":true}]}}