{"id":35464,"date":"1998-01-01T00:00:00","date_gmt":"1998-01-01T00:00:00","guid":{"rendered":"https:\/\/www.deberes.net\/tesis\/sin-categoria\/espacio-de-funciones-integrables-respecto-de-una-medida-vectorial-con-valores-en-un-espacio-de-frechet\/"},"modified":"1998-01-01T00:00:00","modified_gmt":"1998-01-01T00:00:00","slug":"espacio-de-funciones-integrables-respecto-de-una-medida-vectorial-con-valores-en-un-espacio-de-frechet","status":"publish","type":"post","link":"https:\/\/www.deberes.net\/tesis\/matematicas\/espacio-de-funciones-integrables-respecto-de-una-medida-vectorial-con-valores-en-un-espacio-de-frechet\/","title":{"rendered":"Espacio de funciones integrables respecto de una medida vectorial con valores en un espacio de frechet."},"content":{"rendered":"<h2>Tesis doctoral de <strong>  Naranjo Naranjo Francisco Jose <\/strong><\/h2>\n<p>En esta memoria se estudia el espacio l1(v) de las funciones reales integrables respecto de una medida vectorial con valores en un espacio de fr\u00e9chet.  en el cap\u00edtulo i se obtiene un teorema que afirma que todos los ret\u00edculos de fr\u00e9chet con la propiedad de lebesgue y unidad d\u00e9bil se pueden representar por medio del espacio l1(v). Las propiedades obtenidas para el espacio l1(v), combinadas con dicho teorema aporta nuevos resultados a la teor\u00eda general de ret\u00edculos de fr\u00e9chet.  en el cap\u00edtulo ii se caracterizan aquellos espacios de fr\u00e9chet para los que existen medidas de control de rybakov para todas las medidas vectoriales. Se obtienen representaciones para los elementos del dual de l1(v) y se utilizan para el estudio de la convergencia d\u00e9bil, se caracterizan ret\u00edculos de fr\u00e9chet que admiten funcionales estrictamente positivos y se prueba que la propiedad del lebesgue equivale a la propiedad (u) de pelczynski. En el cap\u00edtulo iii se dan condiciones para que l1(v) sea al- o am-espacio y se obtienen representaciones para los al-espacios de fr\u00e9chet. En el cap\u00edtulo iv se caracterizan los conjuntos l-d\u00e9bil compactos del espacio l1(v) y se estudian operadores definidos, o con valores, en l1(v).<\/p>\n<p>&nbsp;<\/p>\n<h3>Datos acad\u00e9micos de la tesis doctoral \u00ab<strong>Espacio de funciones integrables respecto de una medida vectorial con valores en un espacio de frechet.<\/strong>\u00ab<\/h3>\n<ul>\n<li><strong>T\u00edtulo de la tesis:<\/strong>\u00a0 Espacio de funciones integrables respecto de una medida vectorial con valores en un espacio de frechet. <\/li>\n<li><strong>Autor:<\/strong>\u00a0  Naranjo Naranjo Francisco Jose <\/li>\n<li><strong>Universidad:<\/strong>\u00a0 Sevilla<\/li>\n<li><strong>Fecha de lectura de la tesis:<\/strong>\u00a0 01\/01\/1998<\/li>\n<\/ul>\n<p>&nbsp;<\/p>\n<h3>Direcci\u00f3n y tribunal<\/h3>\n<ul>\n<li><strong>Director de la tesis<\/strong>\n<ul>\n<li>Antonio Fernandez Carrion<\/li>\n<\/ul>\n<\/li>\n<li><strong>Tribunal<\/strong>\n<ul>\n<li>Presidente del tribunal: Miguel Florencio Lora <\/li>\n<li>Werner Ricker (vocal)<\/li>\n<li>Jos\u00e9 Bonet Solves (vocal)<\/li>\n<li>Bernardus De Pagter (vocal)<\/li>\n<\/ul>\n<\/li>\n<\/ul>\n<p>&nbsp;<\/p>\n","protected":false},"excerpt":{"rendered":"<p>Tesis doctoral de Naranjo Naranjo Francisco Jose En esta memoria se estudia el espacio l1(v) de las funciones reales integrables [&hellip;]<\/p>\n","protected":false},"author":1,"featured_media":0,"comment_status":"open","ping_status":"open","sticky":false,"template":"","format":"standard","meta":{"site-sidebar-layout":"default","site-content-layout":"","ast-site-content-layout":"","site-content-style":"default","site-sidebar-style":"default","ast-global-header-display":"","ast-banner-title-visibility":"","ast-main-header-display":"","ast-hfb-above-header-display":"","ast-hfb-below-header-display":"","ast-hfb-mobile-header-display":"","site-post-title":"","ast-breadcrumbs-content":"","ast-featured-img":"","footer-sml-layout":"","theme-transparent-header-meta":"","adv-header-id-meta":"","stick-header-meta":"","header-above-stick-meta":"","header-main-stick-meta":"","header-below-stick-meta":"","astra-migrate-meta-layouts":"default","ast-page-background-enabled":"default","ast-page-background-meta":{"desktop":{"background-color":"var(--ast-global-color-4)","background-image":"","background-repeat":"repeat","background-position":"center center","background-size":"auto","background-attachment":"scroll","background-type":"","background-media":"","overlay-type":"","overlay-color":"","overlay-gradient":""},"tablet":{"background-color":"","background-image":"","background-repeat":"repeat","background-position":"center center","background-size":"auto","background-attachment":"scroll","background-type":"","background-media":"","overlay-type":"","overlay-color":"","overlay-gradient":""},"mobile":{"background-color":"","background-image":"","background-repeat":"repeat","background-position":"center center","background-size":"auto","background-attachment":"scroll","background-type":"","background-media":"","overlay-type":"","overlay-color":"","overlay-gradient":""}},"ast-content-background-meta":{"desktop":{"background-color":"var(--ast-global-color-5)","background-image":"","background-repeat":"repeat","background-position":"center center","background-size":"auto","background-attachment":"scroll","background-type":"","background-media":"","overlay-type":"","overlay-color":"","overlay-gradient":""},"tablet":{"background-color":"var(--ast-global-color-5)","background-image":"","background-repeat":"repeat","background-position":"center center","background-size":"auto","background-attachment":"scroll","background-type":"","background-media":"","overlay-type":"","overlay-color":"","overlay-gradient":""},"mobile":{"background-color":"var(--ast-global-color-5)","background-image":"","background-repeat":"repeat","background-position":"center center","background-size":"auto","background-attachment":"scroll","background-type":"","background-media":"","overlay-type":"","overlay-color":"","overlay-gradient":""}},"footnotes":""},"categories":[3183,11160,126,3385,10715],"tags":[94676,94678,41693,11162,94675,94677],"class_list":["post-35464","post","type-post","status-publish","format-standard","hentry","category-analisis-y-analisis-funcional","category-espacios-lineales-topologicos","category-matematicas","category-medida-integracion-y-area","category-sevilla","tag-antonio-fernandez-carrion","tag-bernardus-de-pagter","tag-jose-bonet-solves","tag-miguel-florencio-lora","tag-naranjo-naranjo-francisco-jose","tag-werner-ricker"],"_links":{"self":[{"href":"https:\/\/www.deberes.net\/tesis\/wp-json\/wp\/v2\/posts\/35464","targetHints":{"allow":["GET"]}}],"collection":[{"href":"https:\/\/www.deberes.net\/tesis\/wp-json\/wp\/v2\/posts"}],"about":[{"href":"https:\/\/www.deberes.net\/tesis\/wp-json\/wp\/v2\/types\/post"}],"author":[{"embeddable":true,"href":"https:\/\/www.deberes.net\/tesis\/wp-json\/wp\/v2\/users\/1"}],"replies":[{"embeddable":true,"href":"https:\/\/www.deberes.net\/tesis\/wp-json\/wp\/v2\/comments?post=35464"}],"version-history":[{"count":0,"href":"https:\/\/www.deberes.net\/tesis\/wp-json\/wp\/v2\/posts\/35464\/revisions"}],"wp:attachment":[{"href":"https:\/\/www.deberes.net\/tesis\/wp-json\/wp\/v2\/media?parent=35464"}],"wp:term":[{"taxonomy":"category","embeddable":true,"href":"https:\/\/www.deberes.net\/tesis\/wp-json\/wp\/v2\/categories?post=35464"},{"taxonomy":"post_tag","embeddable":true,"href":"https:\/\/www.deberes.net\/tesis\/wp-json\/wp\/v2\/tags?post=35464"}],"curies":[{"name":"wp","href":"https:\/\/api.w.org\/{rel}","templated":true}]}}