{"id":35497,"date":"1998-01-01T00:00:00","date_gmt":"1998-01-01T00:00:00","guid":{"rendered":"https:\/\/www.deberes.net\/tesis\/sin-categoria\/lope-de-aguirre-la-colera-de-la-historia\/"},"modified":"1998-01-01T00:00:00","modified_gmt":"1998-01-01T00:00:00","slug":"lope-de-aguirre-la-colera-de-la-historia","status":"publish","type":"post","link":"https:\/\/www.deberes.net\/tesis\/ciencias-de-las-artes-y-las-letras\/lope-de-aguirre-la-colera-de-la-historia\/","title":{"rendered":"Lope de aguirre: la colera de la historia."},"content":{"rendered":"<h2>Tesis doctoral de <strong> Jose Sanchez Zamorano <\/strong><\/h2>\n<p>El trabajo es una lectura -de las que barthes llam\u00f3 \u00abescrituras\u00bb- de la novela daim\u00f3n, del argentino abel posse, una de las muestras m\u00e1s complejas del panorama narrativo hispanoamericano de las \u00faltimas d\u00e9cadas.  contextuada dentro de la nueva novela hist\u00f3rica, daim\u00f3n supera con mucho la categor\u00eda cr\u00edtica de \u00abparodia de la historia oficial\u00bb con la que hasta ahora se la ha estudiado. Novela barroca, cr\u00edptica, filos\u00f3fica, sus implicaciones textuales son inn\u00fameras. Este trabajo es, en buena medida, un ejercicio de intertextualidad y podr\u00eda dividirse en tres n\u00facleos fundamentales: un riguroso an\u00e1lisis formal, un intento de \u00abescribir\u00bb el contenido m\u00e1s o menos herm\u00e9tico de la novela y el trazado de un contexto veros\u00edmil -exigido por el mismo texto- en el que centrar la producci\u00f3n que ha dado en llamarse nueva novela hist\u00f3rica. Este contexto no es otro que la crisis -en sentido lato- de la filosof\u00eda hegeliana, la problematizaci\u00f3n del relato historiogr\u00e1fico y la superaci\u00f3n del modelo de novela hist\u00f3rica tradicional instituido por walter scott; contexto, naturalmente, relacionado con la historia y la cultura hispanoamericanas.<\/p>\n<p>&nbsp;<\/p>\n<h3>Datos acad\u00e9micos de la tesis doctoral \u00ab<strong>Lope de aguirre: la colera de la historia.<\/strong>\u00ab<\/h3>\n<ul>\n<li><strong>T\u00edtulo de la tesis:<\/strong>\u00a0 Lope de aguirre: la colera de la historia. <\/li>\n<li><strong>Autor:<\/strong>\u00a0 Jose Sanchez Zamorano <\/li>\n<li><strong>Universidad:<\/strong>\u00a0 Sevilla<\/li>\n<li><strong>Fecha de lectura de la tesis:<\/strong>\u00a0 01\/01\/1998<\/li>\n<\/ul>\n<p>&nbsp;<\/p>\n<h3>Direcci\u00f3n y tribunal<\/h3>\n<ul>\n<li><strong>Director de la tesis<\/strong>\n<ul>\n<li>Carmen De Mora Valcarcel<\/li>\n<\/ul>\n<\/li>\n<li><strong>Tribunal<\/strong>\n<ul>\n<li>Presidente del tribunal: Trinidad Barrera Lopez <\/li>\n<li>Antonio Fernandez Ferrer (vocal)<\/li>\n<li>Marina Galvez Acero (vocal)<\/li>\n<li>Diego Romero De Solis (vocal)<\/li>\n<\/ul>\n<\/li>\n<\/ul>\n<p>&nbsp;<\/p>\n","protected":false},"excerpt":{"rendered":"<p>Tesis doctoral de Jose Sanchez Zamorano El trabajo es una lectura -de las que barthes llam\u00f3 \u00abescrituras\u00bb- de la novela [&hellip;]<\/p>\n","protected":false},"author":1,"featured_media":0,"comment_status":"open","ping_status":"open","sticky":false,"template":"","format":"standard","meta":{"site-sidebar-layout":"default","site-content-layout":"","ast-site-content-layout":"","site-content-style":"default","site-sidebar-style":"default","ast-global-header-display":"","ast-banner-title-visibility":"","ast-main-header-display":"","ast-hfb-above-header-display":"","ast-hfb-below-header-display":"","ast-hfb-mobile-header-display":"","site-post-title":"","ast-breadcrumbs-content":"","ast-featured-img":"","footer-sml-layout":"","theme-transparent-header-meta":"","adv-header-id-meta":"","stick-header-meta":"","header-above-stick-meta":"","header-main-stick-meta":"","header-below-stick-meta":"","astra-migrate-meta-layouts":"default","ast-page-background-enabled":"default","ast-page-background-meta":{"desktop":{"background-color":"var(--ast-global-color-4)","background-image":"","background-repeat":"repeat","background-position":"center center","background-size":"auto","background-attachment":"scroll","background-type":"","background-media":"","overlay-type":"","overlay-color":"","overlay-gradient":""},"tablet":{"background-color":"","background-image":"","background-repeat":"repeat","background-position":"center center","background-size":"auto","background-attachment":"scroll","background-type":"","background-media":"","overlay-type":"","overlay-color":"","overlay-gradient":""},"mobile":{"background-color":"","background-image":"","background-repeat":"repeat","background-position":"center center","background-size":"auto","background-attachment":"scroll","background-type":"","background-media":"","overlay-type":"","overlay-color":"","overlay-gradient":""}},"ast-content-background-meta":{"desktop":{"background-color":"var(--ast-global-color-5)","background-image":"","background-repeat":"repeat","background-position":"center center","background-size":"auto","background-attachment":"scroll","background-type":"","background-media":"","overlay-type":"","overlay-color":"","overlay-gradient":""},"tablet":{"background-color":"var(--ast-global-color-5)","background-image":"","background-repeat":"repeat","background-position":"center center","background-size":"auto","background-attachment":"scroll","background-type":"","background-media":"","overlay-type":"","overlay-color":"","overlay-gradient":""},"mobile":{"background-color":"var(--ast-global-color-5)","background-image":"","background-repeat":"repeat","background-position":"center center","background-size":"auto","background-attachment":"scroll","background-type":"","background-media":"","overlay-type":"","overlay-color":"","overlay-gradient":""}},"footnotes":""},"categories":[148,147,10715,628],"tags":[33622,60395,33428,94734,6773,11168],"class_list":["post-35497","post","type-post","status-publish","format-standard","hentry","category-analisis-literario","category-ciencias-de-las-artes-y-las-letras","category-sevilla","category-teoria-analisis-y-critica-literarios","tag-antonio-fernandez-ferrer","tag-carmen-de-mora-valcarcel","tag-diego-romero-de-solis","tag-jose-sanchez-zamorano","tag-marina-galvez-acero","tag-trinidad-barrera-lopez"],"_links":{"self":[{"href":"https:\/\/www.deberes.net\/tesis\/wp-json\/wp\/v2\/posts\/35497","targetHints":{"allow":["GET"]}}],"collection":[{"href":"https:\/\/www.deberes.net\/tesis\/wp-json\/wp\/v2\/posts"}],"about":[{"href":"https:\/\/www.deberes.net\/tesis\/wp-json\/wp\/v2\/types\/post"}],"author":[{"embeddable":true,"href":"https:\/\/www.deberes.net\/tesis\/wp-json\/wp\/v2\/users\/1"}],"replies":[{"embeddable":true,"href":"https:\/\/www.deberes.net\/tesis\/wp-json\/wp\/v2\/comments?post=35497"}],"version-history":[{"count":0,"href":"https:\/\/www.deberes.net\/tesis\/wp-json\/wp\/v2\/posts\/35497\/revisions"}],"wp:attachment":[{"href":"https:\/\/www.deberes.net\/tesis\/wp-json\/wp\/v2\/media?parent=35497"}],"wp:term":[{"taxonomy":"category","embeddable":true,"href":"https:\/\/www.deberes.net\/tesis\/wp-json\/wp\/v2\/categories?post=35497"},{"taxonomy":"post_tag","embeddable":true,"href":"https:\/\/www.deberes.net\/tesis\/wp-json\/wp\/v2\/tags?post=35497"}],"curies":[{"name":"wp","href":"https:\/\/api.w.org\/{rel}","templated":true}]}}